{"id":1863,"date":"2018-07-26T09:41:22","date_gmt":"2018-07-26T09:41:22","guid":{"rendered":"https:\/\/blog.wuuff.dog\/?p=1863"},"modified":"2019-05-10T08:57:37","modified_gmt":"2019-05-10T08:57:37","slug":"kutyak-tuzelese-es-fedeztetese","status":"publish","type":"post","link":"https:\/\/blog.wuuff.dog\/hu\/kutyak-tuzelese-es-fedeztetese\/","title":{"rendered":"A kuty\u00e1k t\u00fczel\u00e9se \u00e9s fedeztet\u00e9se"},"content":{"rendered":"<p style=\"text-align: justify;\">A vil\u00e1gon egyre t\u00f6bb nem k\u00edv\u00e1nt kiskutya sz\u00fcletik. Ennek az egyik f\u0151 oka, hogy az \u00f3vatlan gazdik t\u00fal kev\u00e9s inform\u00e1ci\u00f3val rendelkeznek a kuty\u00e1k szaporod\u00e1si ciklus\u00e1val kapcsolatban. Ennek elker\u00fcl\u00e9se v\u00e9gett sz\u00fcletett meg ez a cikk, minden gazdinak \u00e9s kutyabar\u00e1tnak aki <a href=\"https:\/\/wuuff.dog\/hu\/elado-kutyak\" target=\"_blank\" rel=\"noopener noreferrer\">kuty\u00e1t tervez venni<\/a> a j\u00f6v\u0151ben.A kiskuty\u00e1k sz\u00fclet\u00e9se csod\u00e1latos aj\u00e1nd\u00e9k egy csal\u00e1d sz\u00e1m\u00e1ra, <strong>ha<\/strong> v\u00e1rt\u00e1k a k\u00f6lyk\u00f6k \u00e9rkez\u00e9s\u00e9t. Azonban sok helyen nem k\u00edv\u00e1nt kiskuty\u00e1k sz\u00fcletnek, ez a jelens\u00e9g pedig a kutyapopul\u00e1ci\u00f3 t\u00falzott n\u00f6veked\u00e9s\u00e9hez vezet. \u00cdgy azt\u00e1n nagyon fontos, hogy min\u00e9l t\u00f6bb inform\u00e1ci\u00f3val rendelkezz\u00fcnk a szuk\u00e1k t\u00fczel\u00e9s\u00e9vel kapcsolatban.<\/p>\n<h2 style=\"text-align: justify;\"><strong>Mit kell tudni a kuty\u00e1k t\u00fczel\u00e9s\u00e9r\u0151l<\/strong><\/h2>\n<p><span style=\"width: 100%;\"><img loading=\"lazy\" decoding=\"async\" alt=\"\" width=\"760\" height=\"430\" title=\"\" data-id=\"3945\" src=\"https:\/\/blog.wuuff.dog\/wp-content\/uploads\/2019\/05\/tzls2.jpg\" style=\"width: 100%;\"><\/span><\/p>\n<p style=\"text-align: center;\"><span style=\"color: rgba(102, 102, 102, 0.4);\">forr\u00e1s:<\/span>&nbsp;<a href=\"https:\/\/dogtime.com\" target=\"_blank\" rel=\"nofollow noopener noreferrer\">Dogtime<\/a><\/p>\n<p style=\"text-align: justify;\">A szaporod\u00e1s tekintet\u00e9ben a szuk\u00e1k hasonl\u00f3an m\u0171k\u00f6dnek, mint az emberek, azzal a k\u00fcl\u00f6nbs\u00e9ggel, hogy nekik csup\u00e1n \u00e9vente k\u00e9tszer van ciklusuk. Az els\u0151 t\u00fczel\u00e9s n\u00e9gyh\u00f3napos kort\u00f3l kezdve b\u00e1rmikor bek\u00f6vetkezhet. A legt\u00f6bb kistest\u0171 fajta n\u00e9gy-\u00e9s h\u00e9th\u00f3napos kora k\u00f6z\u00f6tt t\u00fczel el\u0151sz\u00f6r, a nagytest\u0171ek \u00e1ltal\u00e1ban \u00f6t-\u00e9s nyolch\u00f3napos koruk k\u00f6z\u00f6tt. A biztons\u00e1g kedv\u00e9\u00e9rt \u00e9rdemes m\u00e1r n\u00e9gyh\u00f3napos kora k\u00f6r\u00fcl odafigyelni az esetleges jelekre.Ezek k\u00f6z\u00e9 tartozik, hogy a kutya \u2013 nemt\u0151l f\u00fcggetlen\u00fcl \u2013 gyakrabban akar kimenni, \u00e9s fokozott \u00e9rdekl\u0151d\u00e9st tan\u00fas\u00edt az ellenkez\u0151 nem k\u00e9pvisel\u0151i ir\u00e1nt. El\u0151fordulhat, hogy a kan bent v\u00e9gzi el a dolg\u00e1t, \u00e9s gyakrabban jel\u00f6li meg a ter\u00fclet\u00e9t.<\/p>\n<h2 style=\"text-align: justify;\"><strong>A kan kuty\u00e1k ivar\u00e9retts\u00e9ge<\/strong><\/h2>\n<p><span style=\"width: 100%;\"><img loading=\"lazy\" decoding=\"async\" alt=\"kuty\u00e1k t\u00fczel\u00e9se\" width=\"400\" height=\"500\" title=\"\" data-id=\"3950\" src=\"https:\/\/blog.wuuff.dog\/wp-content\/uploads\/2019\/05\/tzls3.jpg\" style=\"width: 100%;\"><\/span><\/p>\n<p style=\"text-align: center;\">forr\u00e1s: <a href=\"https:\/\/www.amazon.com\/ref=nav_logo\" target=\"_blank\" rel=\"nofollow noopener noreferrer\" data-tcb-href=\"https:\/\/www.amazon.com\/ref=nav_logo\">Amazon<\/a><\/p>\n<p style=\"text-align: justify;\">A kanok az \u00e9v b\u00e1rmely id\u0151szak\u00e1ban k\u00e9pesek a szaporod\u00e1sra, m\u00edg a szuk\u00e1k csak t\u00fczel\u00e9skor. A kanok m\u00e1r \u00f6t h\u00f3napos kort\u00f3l kezdve k\u00e9pesek ut\u00f3dokat nemzeni, a pontos id\u0151pont azonban n\u00e1luk is fajt\u00e1nk\u00e9nt k\u00fcl\u00f6nb\u00f6zhet: a kisebb test\u0171 kuty\u00e1k kor\u00e1bban \u00e9rhetnek, mint nagytest\u0171 t\u00e1rsaik. A kan kilom\u00e9terekr\u0151l meg\u00e9rzi a szuka szag\u00e1t.<\/p>\n<h2 style=\"text-align: justify;\"><strong>A kuty\u00e1k fedeztet\u00e9se<\/strong><\/h2>\n<p><span style=\"width: 100%;\"><img loading=\"lazy\" decoding=\"async\" alt=\"kuty\u00e1k fedeztet\u00e9se\" width=\"760\" height=\"430\" title=\"\" data-id=\"3955\" src=\"https:\/\/blog.wuuff.dog\/wp-content\/uploads\/2019\/05\/tzls4.jpg\" style=\"width: 100%;\"><\/span><\/p>\n<p style=\"text-align: center;\">forr\u00e1s: <a href=\"https:\/\/dogtime.com\" target=\"_blank\" rel=\"nofollow noopener noreferrer\">Dogtime<\/a><\/p>\n<p style=\"text-align: justify;\">A szuk\u00e1k \u00e9vente k\u00e9tszer, \u00e1ltal\u00e1ban hathavonta t\u00fczelnek. Ha id\u0151k\u00f6zben ellett a szuka, akkor is t\u00fczelhet, az utols\u00f3 t\u00fczel\u00e9st\u0151l sz\u00e1m\u00edtott hat h\u00f3nap m\u00falva. A sz\u00fcletend\u0151 k\u00f6lyk\u00f6k eg\u00e9szs\u00e9ge \u00e9rdek\u00e9ben akkor j\u00e1runk el helyesen, ha szuka kuty\u00e1nkat csak m\u00e1sf\u00e9l \u00e9vente (vagyis minden harmadik t\u00fczel\u00e9s alkalm\u00e1val) fedeztetj\u00fck. Ellenkez\u0151 esetben a kutya \u00e1llapota leromolhat, \u00e9s nem a legeg\u00e9szs\u00e9gesebb k\u00f6lyk\u00f6knek fog \u00e9letet adni. Ugyanezen okn\u00e1l fogva legjobb, ha k\u00e9t\u00e9ves kora el\u0151tt nem ellik.A szuka t\u00fczel\u00e9se kb 21 napig tart. Ilyenkor a p\u00e9ra \u00e9s az eml\u0151k is megduzzadnak, \u00e9s a kutya v\u00e9rcseppeket hagy maga ut\u00e1n. \u00dcgyelj a v\u00e9rz\u00e9sre \u00e9s a v\u00e1lad\u00e9koz\u00e1sra, mert ez jelzi, hogy a t\u00fczel\u00e9si ciklus mely szakasz\u00e1ban j\u00e1r. Egyes szuk\u00e1k tiszt\u00e1bbak lehetnek, ez\u00e9rt n\u00e1luk nehezebb \u00e9szrevenni a v\u00e1lad\u00e9kot, m\u00e1sokn\u00e1l viszont pont az ellenkez\u0151je igaz: rendk\u00edv\u00fcl er\u0151teljes a v\u00e9rz\u00e9s.<\/p>\n<h2 style=\"text-align: justify;\"><strong>A t\u00fczel\u00e9s els\u0151 napja<\/strong><\/h2>\n<p style=\"text-align: justify;\">A duzzanat \u00e9szlel\u00e9se a ciklus els\u0151 napja. A v\u00e9rz\u00e9s eleinte gyeng\u00e9bb \u00e9s v\u00f6r\u00f6s sz\u00edn\u0171, az els\u0151 napt\u00f3l sz\u00e1m\u00edtott 9-12 napig. Jel\u00f6ld meg egy napt\u00e1rban az els\u0151 napot, \u00e9s 9 nappal sz\u00e1molj!<\/p>\n<h2 style=\"text-align: justify;\"><strong>A 9. napt\u00f3l a 15. napig<\/strong><\/h2>\n<p style=\"text-align: justify;\">Ez az az id\u0151szak, amikor a szuka m\u00e1r elfogadja a kan k\u00f6zeled\u00e9s\u00e9t, az ide\u00e1lis a 12.-14. nap k\u00f6zti id\u0151szak. Ellen\u0151rizd a v\u00e1lad\u00e9k sz\u00edn\u00e9t: ha halv\u00e1nyr\u00f3zsasz\u00edn, akkor kuty\u00e1d k\u00e9szen \u00e1ll a p\u00e1rz\u00e1sra. A szuka csak ezalatt a 3-6 nap alatt \u00e1ll k\u00e9szen arra, hogy fogadja a kan k\u00f6zeled\u00e9s\u00e9t, de a t\u00fczel\u00e9si ciklus eg\u00e9szen a 21. napig tart. K\u00e9t fedeztet\u00e9s k\u00f6z\u00f6tt k\u00e9t napot kell v\u00e1rni.Ha a szuka nem akarja fogadni a kan k\u00f6zeled\u00e9s\u00e9t, begy\u0171ri a fark\u00e1t a l\u00e1bai k\u00f6z\u00e9, ha viszont igen, akkor cs\u00f3v\u00e1lja a fark\u00e1t, \u00e9s oldalra csapja, \u00edgy elt\u00fcntetve azt az \u00fatb\u00f3l.Ha a szuka ezt csin\u00e1lja, az azt jelenti, hogy k\u00e9szen \u00e1ll a p\u00e1rosod\u00e1sra.<\/p>\n<h2 style=\"text-align: justify;\"><strong>Vemhess\u00e9g \u00e9s fogamz\u00e1sg\u00e1tl\u00e1s<\/strong><\/h2>\n<p style=\"text-align: justify;\">M\u00edg az emberekn\u00e9l a terhess\u00e9g 9 h\u00f3napig tart, a kuty\u00e1k vemhess\u00e9ge csak 58-62 napig, \u00e9s a vemhess\u00e9g m\u00e1r a 28.-30. nap k\u00f6rny\u00e9k\u00e9n meg\u00e1llap\u00edthat\u00f3 ultrahangos vizsg\u00e1lattal. A nem k\u00edv\u00e1nt vemhess\u00e9g megel\u0151z\u00e9s\u00e9re a&nbsp;<a href=\"https:\/\/blog.wuuff.dog\/hu\/kutyak-ivartalanitasa\/\">szuka ivartalan\u00edt\u00e1sa<\/a> a legbiztosabb m\u00f3dszer, de ha ezt el akarjuk ker\u00fclni, lehets\u00e9ges alternat\u00edva a t\u00fczel\u0151bugyi, vagy a t\u00fczel\u00e9s jeleit elnyom\u00f3 gy\u00f3gyszerek, injekci\u00f3k haszn\u00e1lata. Ez ut\u00f3bbiakkal kapcsolatban \u00e9rdekl\u0151dj az \u00e1llatorvosn\u00e1l!<\/p>\n<h5>Tudj meg m\u00e9g t\u00f6bbet a kuty\u00e1k ivartalan\u00edt\u00e1s\u00e1r\u00f3l ebb\u0151l a cikkb\u0151l<\/h5>\n<ul>\n<li><a href=\"https:\/\/blog.wuuff.dog\/hu\/kutyak-ivartalanitasa\/\" target=\"_blank\" rel=\"noopener noreferrer\"><strong>A kuty\u00e1k ivartalan\u00edt\u00e1sa<\/strong><\/a><\/li>\n<\/ul>\n","protected":false},"excerpt":{"rendered":"<p>A vil\u00e1gon egyre t\u00f6bb nem k\u00edv\u00e1nt kiskutya sz\u00fcletik. Ennek az egyik f\u0151 oka, hogy az \u00f3vatlan gazdik t\u00fal kev\u00e9s inform\u00e1ci\u00f3val rendelkeznek a kuty\u00e1k szaporod\u00e1si ciklus\u00e1val kapcsolatban. Ennek elker\u00fcl\u00e9se v\u00e9gett sz\u00fcletett meg ez a cikk, minden gazdinak \u00e9s kutyabar\u00e1tnak aki kuty\u00e1t tervez venni a j\u00f6v\u0151ben.A kiskuty\u00e1k sz\u00fclet\u00e9se csod\u00e1latos aj\u00e1nd\u00e9k egy csal\u00e1d sz\u00e1m\u00e1ra, ha v\u00e1rt\u00e1k a k\u00f6lyk\u00f6k [&hellip;]<\/p>\n","protected":false},"author":2,"featured_media":3939,"comment_status":"closed","ping_status":"closed","sticky":false,"template":"","format":"standard","meta":{"footnotes":""},"categories":[1],"tags":[],"class_list":["post-1863","post","type-post","status-publish","format-standard","has-post-thumbnail","hentry","category-tippek"],"yoast_head":"<!-- This site is optimized with the Yoast SEO plugin v27.4 - https:\/\/yoast.com\/product\/yoast-seo-wordpress\/ -->\n<title>A kuty\u00e1k t\u00fczel\u00e9se \u00e9s fedeztet\u00e9se. Legy\u00e9l felel\u0151s gazdi! - Wuuff Blog<\/title>\n<meta name=\"description\" content=\"K\u00f6telez\u0151 olvasm\u00e1ny! Kan kuty\u00e1k ivar\u00e9retts\u00e9ge, szuk\u00e1k t\u00fczel\u00e9si ciklusai, vemhess\u00e9g \u00e9s fogamz\u00e1sg\u00e1tl\u00e1s, a kuty\u00e1k fedeztet\u00e9s\u00e9nek legjobb m\u00f3dja mind egy cikkben.\" \/>\n<meta name=\"robots\" content=\"index, follow, max-snippet:-1, max-image-preview:large, max-video-preview:-1\" \/>\n<link rel=\"canonical\" href=\"https:\/\/blog.wuuff.dog\/hu\/kutyak-tuzelese-es-fedeztetese\/\" \/>\n<meta property=\"og:locale\" content=\"hu_HU\" \/>\n<meta property=\"og:type\" content=\"article\" \/>\n<meta property=\"og:title\" content=\"A kuty\u00e1k t\u00fczel\u00e9se \u00e9s fedeztet\u00e9se. Legy\u00e9l felel\u0151s gazdi! - Wuuff Blog\" \/>\n<meta property=\"og:description\" content=\"K\u00f6telez\u0151 olvasm\u00e1ny! Kan kuty\u00e1k ivar\u00e9retts\u00e9ge, szuk\u00e1k t\u00fczel\u00e9si ciklusai, vemhess\u00e9g \u00e9s fogamz\u00e1sg\u00e1tl\u00e1s, a kuty\u00e1k fedeztet\u00e9s\u00e9nek legjobb m\u00f3dja mind egy cikkben.\" \/>\n<meta property=\"og:url\" content=\"https:\/\/blog.wuuff.dog\/hu\/kutyak-tuzelese-es-fedeztetese\/\" \/>\n<meta property=\"og:site_name\" content=\"Wuuff Blog\" \/>\n<meta property=\"article:publisher\" content=\"https:\/\/www.facebook.com\/wuuff.dog\/\" \/>\n<meta property=\"article:published_time\" content=\"2018-07-26T09:41:22+00:00\" \/>\n<meta property=\"article:modified_time\" content=\"2019-05-10T08:57:37+00:00\" \/>\n<meta property=\"og:image\" content=\"https:\/\/blog.wuuff.dog\/wp-content\/uploads\/2018\/07\/tzls1.jpg\" \/>\n\t<meta property=\"og:image:width\" content=\"600\" \/>\n\t<meta property=\"og:image:height\" content=\"450\" \/>\n\t<meta property=\"og:image:type\" content=\"image\/jpeg\" \/>\n<meta name=\"author\" content=\"Sandor Fagyal\" \/>\n<meta name=\"twitter:card\" content=\"summary_large_image\" \/>\n<meta name=\"twitter:creator\" content=\"@wuuffdog\" \/>\n<meta name=\"twitter:site\" content=\"@wuuffdog\" \/>\n<meta name=\"twitter:label1\" content=\"Szerz\u0151:\" \/>\n\t<meta name=\"twitter:data1\" content=\"Sandor Fagyal\" \/>\n\t<meta name=\"twitter:label2\" content=\"Becs\u00fclt olvas\u00e1si id\u0151\" \/>\n\t<meta name=\"twitter:data2\" content=\"5 perc\" \/>\n<script type=\"application\/ld+json\" class=\"yoast-schema-graph\">{\"@context\":\"https:\\\/\\\/schema.org\",\"@graph\":[{\"@type\":\"Article\",\"@id\":\"https:\\\/\\\/blog.wuuff.dog\\\/hu\\\/kutyak-tuzelese-es-fedeztetese\\\/#article\",\"isPartOf\":{\"@id\":\"https:\\\/\\\/blog.wuuff.dog\\\/hu\\\/kutyak-tuzelese-es-fedeztetese\\\/\"},\"author\":{\"name\":\"Sandor Fagyal\",\"@id\":\"https:\\\/\\\/blog.wuuff.dog\\\/#\\\/schema\\\/person\\\/9b5660b3c31c6f117272138eaf162162\"},\"headline\":\"A kuty\u00e1k t\u00fczel\u00e9se \u00e9s fedeztet\u00e9se\",\"datePublished\":\"2018-07-26T09:41:22+00:00\",\"dateModified\":\"2019-05-10T08:57:37+00:00\",\"mainEntityOfPage\":{\"@id\":\"https:\\\/\\\/blog.wuuff.dog\\\/hu\\\/kutyak-tuzelese-es-fedeztetese\\\/\"},\"wordCount\":934,\"publisher\":{\"@id\":\"https:\\\/\\\/blog.wuuff.dog\\\/#organization\"},\"image\":{\"@id\":\"https:\\\/\\\/blog.wuuff.dog\\\/hu\\\/kutyak-tuzelese-es-fedeztetese\\\/#primaryimage\"},\"thumbnailUrl\":\"https:\\\/\\\/blog.wuuff.dog\\\/wp-content\\\/uploads\\\/2018\\\/07\\\/tzls1.jpg\",\"articleSection\":[\"Tippek\"],\"inLanguage\":\"hu\"},{\"@type\":\"WebPage\",\"@id\":\"https:\\\/\\\/blog.wuuff.dog\\\/hu\\\/kutyak-tuzelese-es-fedeztetese\\\/\",\"url\":\"https:\\\/\\\/blog.wuuff.dog\\\/hu\\\/kutyak-tuzelese-es-fedeztetese\\\/\",\"name\":\"A kuty\u00e1k t\u00fczel\u00e9se \u00e9s fedeztet\u00e9se. Legy\u00e9l felel\u0151s gazdi! - Wuuff Blog\",\"isPartOf\":{\"@id\":\"https:\\\/\\\/blog.wuuff.dog\\\/#website\"},\"primaryImageOfPage\":{\"@id\":\"https:\\\/\\\/blog.wuuff.dog\\\/hu\\\/kutyak-tuzelese-es-fedeztetese\\\/#primaryimage\"},\"image\":{\"@id\":\"https:\\\/\\\/blog.wuuff.dog\\\/hu\\\/kutyak-tuzelese-es-fedeztetese\\\/#primaryimage\"},\"thumbnailUrl\":\"https:\\\/\\\/blog.wuuff.dog\\\/wp-content\\\/uploads\\\/2018\\\/07\\\/tzls1.jpg\",\"datePublished\":\"2018-07-26T09:41:22+00:00\",\"dateModified\":\"2019-05-10T08:57:37+00:00\",\"description\":\"K\u00f6telez\u0151 olvasm\u00e1ny! Kan kuty\u00e1k ivar\u00e9retts\u00e9ge, szuk\u00e1k t\u00fczel\u00e9si ciklusai, vemhess\u00e9g \u00e9s fogamz\u00e1sg\u00e1tl\u00e1s, a kuty\u00e1k fedeztet\u00e9s\u00e9nek legjobb m\u00f3dja mind egy cikkben.\",\"breadcrumb\":{\"@id\":\"https:\\\/\\\/blog.wuuff.dog\\\/hu\\\/kutyak-tuzelese-es-fedeztetese\\\/#breadcrumb\"},\"inLanguage\":\"hu\",\"potentialAction\":[{\"@type\":\"ReadAction\",\"target\":[\"https:\\\/\\\/blog.wuuff.dog\\\/hu\\\/kutyak-tuzelese-es-fedeztetese\\\/\"]}]},{\"@type\":\"ImageObject\",\"inLanguage\":\"hu\",\"@id\":\"https:\\\/\\\/blog.wuuff.dog\\\/hu\\\/kutyak-tuzelese-es-fedeztetese\\\/#primaryimage\",\"url\":\"https:\\\/\\\/blog.wuuff.dog\\\/wp-content\\\/uploads\\\/2018\\\/07\\\/tzls1.jpg\",\"contentUrl\":\"https:\\\/\\\/blog.wuuff.dog\\\/wp-content\\\/uploads\\\/2018\\\/07\\\/tzls1.jpg\",\"width\":600,\"height\":450,\"caption\":\"kuty\u00e1k t\u00fczel\u00e9se\"},{\"@type\":\"BreadcrumbList\",\"@id\":\"https:\\\/\\\/blog.wuuff.dog\\\/hu\\\/kutyak-tuzelese-es-fedeztetese\\\/#breadcrumb\",\"itemListElement\":[{\"@type\":\"ListItem\",\"position\":1,\"name\":\"Home\",\"item\":\"https:\\\/\\\/blog.wuuff.dog\\\/hu\\\/\"},{\"@type\":\"ListItem\",\"position\":2,\"name\":\"A kuty\u00e1k t\u00fczel\u00e9se \u00e9s fedeztet\u00e9se\"}]},{\"@type\":\"WebSite\",\"@id\":\"https:\\\/\\\/blog.wuuff.dog\\\/#website\",\"url\":\"https:\\\/\\\/blog.wuuff.dog\\\/\",\"name\":\"Wuuff Blog\",\"description\":\"Kuty\u00e1t j\u00f3 teny\u00e9szt\u0151t\u0151l j\u00f3 gazdihoz!\",\"publisher\":{\"@id\":\"https:\\\/\\\/blog.wuuff.dog\\\/#organization\"},\"potentialAction\":[{\"@type\":\"SearchAction\",\"target\":{\"@type\":\"EntryPoint\",\"urlTemplate\":\"https:\\\/\\\/blog.wuuff.dog\\\/?s={search_term_string}\"},\"query-input\":{\"@type\":\"PropertyValueSpecification\",\"valueRequired\":true,\"valueName\":\"search_term_string\"}}],\"inLanguage\":\"hu\"},{\"@type\":\"Organization\",\"@id\":\"https:\\\/\\\/blog.wuuff.dog\\\/#organization\",\"name\":\"Wuuff LLC\",\"url\":\"https:\\\/\\\/blog.wuuff.dog\\\/\",\"logo\":{\"@type\":\"ImageObject\",\"inLanguage\":\"hu\",\"@id\":\"https:\\\/\\\/blog.wuuff.dog\\\/#\\\/schema\\\/logo\\\/image\\\/\",\"url\":\"https:\\\/\\\/blog.wuuff.dog\\\/wp-content\\\/uploads\\\/2017\\\/07\\\/wuuff-favicon-1.png\",\"contentUrl\":\"https:\\\/\\\/blog.wuuff.dog\\\/wp-content\\\/uploads\\\/2017\\\/07\\\/wuuff-favicon-1.png\",\"width\":96,\"height\":96,\"caption\":\"Wuuff LLC\"},\"image\":{\"@id\":\"https:\\\/\\\/blog.wuuff.dog\\\/#\\\/schema\\\/logo\\\/image\\\/\"},\"sameAs\":[\"https:\\\/\\\/www.facebook.com\\\/wuuff.dog\\\/\",\"https:\\\/\\\/x.com\\\/wuuffdog\",\"https:\\\/\\\/www.instagram.com\\\/wuuff.dog\\\/\",\"https:\\\/\\\/www.linkedin.com\\\/company\\\/wuuff-llc\\\/about\\\/?viewAsMember=true\",\"https:\\\/\\\/hu.pinterest.com\\\/wuuff\\\/\",\"https:\\\/\\\/www.youtube.com\\\/channel\\\/UC5-xBqPvOo9Tyj3KuifxW_Q\"]},{\"@type\":\"Person\",\"@id\":\"https:\\\/\\\/blog.wuuff.dog\\\/#\\\/schema\\\/person\\\/9b5660b3c31c6f117272138eaf162162\",\"name\":\"Sandor Fagyal\"}]}<\/script>\n<!-- \/ Yoast SEO plugin. -->","yoast_head_json":{"title":"A kuty\u00e1k t\u00fczel\u00e9se \u00e9s fedeztet\u00e9se. Legy\u00e9l felel\u0151s gazdi! - Wuuff Blog","description":"K\u00f6telez\u0151 olvasm\u00e1ny! Kan kuty\u00e1k ivar\u00e9retts\u00e9ge, szuk\u00e1k t\u00fczel\u00e9si ciklusai, vemhess\u00e9g \u00e9s fogamz\u00e1sg\u00e1tl\u00e1s, a kuty\u00e1k fedeztet\u00e9s\u00e9nek legjobb m\u00f3dja mind egy cikkben.","robots":{"index":"index","follow":"follow","max-snippet":"max-snippet:-1","max-image-preview":"max-image-preview:large","max-video-preview":"max-video-preview:-1"},"canonical":"https:\/\/blog.wuuff.dog\/hu\/kutyak-tuzelese-es-fedeztetese\/","og_locale":"hu_HU","og_type":"article","og_title":"A kuty\u00e1k t\u00fczel\u00e9se \u00e9s fedeztet\u00e9se. Legy\u00e9l felel\u0151s gazdi! - Wuuff Blog","og_description":"K\u00f6telez\u0151 olvasm\u00e1ny! Kan kuty\u00e1k ivar\u00e9retts\u00e9ge, szuk\u00e1k t\u00fczel\u00e9si ciklusai, vemhess\u00e9g \u00e9s fogamz\u00e1sg\u00e1tl\u00e1s, a kuty\u00e1k fedeztet\u00e9s\u00e9nek legjobb m\u00f3dja mind egy cikkben.","og_url":"https:\/\/blog.wuuff.dog\/hu\/kutyak-tuzelese-es-fedeztetese\/","og_site_name":"Wuuff Blog","article_publisher":"https:\/\/www.facebook.com\/wuuff.dog\/","article_published_time":"2018-07-26T09:41:22+00:00","article_modified_time":"2019-05-10T08:57:37+00:00","og_image":[{"width":600,"height":450,"url":"https:\/\/blog.wuuff.dog\/wp-content\/uploads\/2018\/07\/tzls1.jpg","type":"image\/jpeg"}],"author":"Sandor Fagyal","twitter_card":"summary_large_image","twitter_creator":"@wuuffdog","twitter_site":"@wuuffdog","twitter_misc":{"Szerz\u0151:":"Sandor Fagyal","Becs\u00fclt olvas\u00e1si id\u0151":"5 perc"},"schema":{"@context":"https:\/\/schema.org","@graph":[{"@type":"Article","@id":"https:\/\/blog.wuuff.dog\/hu\/kutyak-tuzelese-es-fedeztetese\/#article","isPartOf":{"@id":"https:\/\/blog.wuuff.dog\/hu\/kutyak-tuzelese-es-fedeztetese\/"},"author":{"name":"Sandor Fagyal","@id":"https:\/\/blog.wuuff.dog\/#\/schema\/person\/9b5660b3c31c6f117272138eaf162162"},"headline":"A kuty\u00e1k t\u00fczel\u00e9se \u00e9s fedeztet\u00e9se","datePublished":"2018-07-26T09:41:22+00:00","dateModified":"2019-05-10T08:57:37+00:00","mainEntityOfPage":{"@id":"https:\/\/blog.wuuff.dog\/hu\/kutyak-tuzelese-es-fedeztetese\/"},"wordCount":934,"publisher":{"@id":"https:\/\/blog.wuuff.dog\/#organization"},"image":{"@id":"https:\/\/blog.wuuff.dog\/hu\/kutyak-tuzelese-es-fedeztetese\/#primaryimage"},"thumbnailUrl":"https:\/\/blog.wuuff.dog\/wp-content\/uploads\/2018\/07\/tzls1.jpg","articleSection":["Tippek"],"inLanguage":"hu"},{"@type":"WebPage","@id":"https:\/\/blog.wuuff.dog\/hu\/kutyak-tuzelese-es-fedeztetese\/","url":"https:\/\/blog.wuuff.dog\/hu\/kutyak-tuzelese-es-fedeztetese\/","name":"A kuty\u00e1k t\u00fczel\u00e9se \u00e9s fedeztet\u00e9se. Legy\u00e9l felel\u0151s gazdi! - Wuuff Blog","isPartOf":{"@id":"https:\/\/blog.wuuff.dog\/#website"},"primaryImageOfPage":{"@id":"https:\/\/blog.wuuff.dog\/hu\/kutyak-tuzelese-es-fedeztetese\/#primaryimage"},"image":{"@id":"https:\/\/blog.wuuff.dog\/hu\/kutyak-tuzelese-es-fedeztetese\/#primaryimage"},"thumbnailUrl":"https:\/\/blog.wuuff.dog\/wp-content\/uploads\/2018\/07\/tzls1.jpg","datePublished":"2018-07-26T09:41:22+00:00","dateModified":"2019-05-10T08:57:37+00:00","description":"K\u00f6telez\u0151 olvasm\u00e1ny! Kan kuty\u00e1k ivar\u00e9retts\u00e9ge, szuk\u00e1k t\u00fczel\u00e9si ciklusai, vemhess\u00e9g \u00e9s fogamz\u00e1sg\u00e1tl\u00e1s, a kuty\u00e1k fedeztet\u00e9s\u00e9nek legjobb m\u00f3dja mind egy cikkben.","breadcrumb":{"@id":"https:\/\/blog.wuuff.dog\/hu\/kutyak-tuzelese-es-fedeztetese\/#breadcrumb"},"inLanguage":"hu","potentialAction":[{"@type":"ReadAction","target":["https:\/\/blog.wuuff.dog\/hu\/kutyak-tuzelese-es-fedeztetese\/"]}]},{"@type":"ImageObject","inLanguage":"hu","@id":"https:\/\/blog.wuuff.dog\/hu\/kutyak-tuzelese-es-fedeztetese\/#primaryimage","url":"https:\/\/blog.wuuff.dog\/wp-content\/uploads\/2018\/07\/tzls1.jpg","contentUrl":"https:\/\/blog.wuuff.dog\/wp-content\/uploads\/2018\/07\/tzls1.jpg","width":600,"height":450,"caption":"kuty\u00e1k t\u00fczel\u00e9se"},{"@type":"BreadcrumbList","@id":"https:\/\/blog.wuuff.dog\/hu\/kutyak-tuzelese-es-fedeztetese\/#breadcrumb","itemListElement":[{"@type":"ListItem","position":1,"name":"Home","item":"https:\/\/blog.wuuff.dog\/hu\/"},{"@type":"ListItem","position":2,"name":"A kuty\u00e1k t\u00fczel\u00e9se \u00e9s fedeztet\u00e9se"}]},{"@type":"WebSite","@id":"https:\/\/blog.wuuff.dog\/#website","url":"https:\/\/blog.wuuff.dog\/","name":"Wuuff Blog","description":"Kuty\u00e1t j\u00f3 teny\u00e9szt\u0151t\u0151l j\u00f3 gazdihoz!","publisher":{"@id":"https:\/\/blog.wuuff.dog\/#organization"},"potentialAction":[{"@type":"SearchAction","target":{"@type":"EntryPoint","urlTemplate":"https:\/\/blog.wuuff.dog\/?s={search_term_string}"},"query-input":{"@type":"PropertyValueSpecification","valueRequired":true,"valueName":"search_term_string"}}],"inLanguage":"hu"},{"@type":"Organization","@id":"https:\/\/blog.wuuff.dog\/#organization","name":"Wuuff LLC","url":"https:\/\/blog.wuuff.dog\/","logo":{"@type":"ImageObject","inLanguage":"hu","@id":"https:\/\/blog.wuuff.dog\/#\/schema\/logo\/image\/","url":"https:\/\/blog.wuuff.dog\/wp-content\/uploads\/2017\/07\/wuuff-favicon-1.png","contentUrl":"https:\/\/blog.wuuff.dog\/wp-content\/uploads\/2017\/07\/wuuff-favicon-1.png","width":96,"height":96,"caption":"Wuuff LLC"},"image":{"@id":"https:\/\/blog.wuuff.dog\/#\/schema\/logo\/image\/"},"sameAs":["https:\/\/www.facebook.com\/wuuff.dog\/","https:\/\/x.com\/wuuffdog","https:\/\/www.instagram.com\/wuuff.dog\/","https:\/\/www.linkedin.com\/company\/wuuff-llc\/about\/?viewAsMember=true","https:\/\/hu.pinterest.com\/wuuff\/","https:\/\/www.youtube.com\/channel\/UC5-xBqPvOo9Tyj3KuifxW_Q"]},{"@type":"Person","@id":"https:\/\/blog.wuuff.dog\/#\/schema\/person\/9b5660b3c31c6f117272138eaf162162","name":"Sandor Fagyal"}]}},"_links":{"self":[{"href":"https:\/\/blog.wuuff.dog\/hu\/wp-json\/wp\/v2\/posts\/1863","targetHints":{"allow":["GET"]}}],"collection":[{"href":"https:\/\/blog.wuuff.dog\/hu\/wp-json\/wp\/v2\/posts"}],"about":[{"href":"https:\/\/blog.wuuff.dog\/hu\/wp-json\/wp\/v2\/types\/post"}],"author":[{"embeddable":true,"href":"https:\/\/blog.wuuff.dog\/hu\/wp-json\/wp\/v2\/users\/2"}],"replies":[{"embeddable":true,"href":"https:\/\/blog.wuuff.dog\/hu\/wp-json\/wp\/v2\/comments?post=1863"}],"version-history":[{"count":10,"href":"https:\/\/blog.wuuff.dog\/hu\/wp-json\/wp\/v2\/posts\/1863\/revisions"}],"predecessor-version":[{"id":3998,"href":"https:\/\/blog.wuuff.dog\/hu\/wp-json\/wp\/v2\/posts\/1863\/revisions\/3998"}],"wp:featuredmedia":[{"embeddable":true,"href":"https:\/\/blog.wuuff.dog\/hu\/wp-json\/wp\/v2\/media\/3939"}],"wp:attachment":[{"href":"https:\/\/blog.wuuff.dog\/hu\/wp-json\/wp\/v2\/media?parent=1863"}],"wp:term":[{"taxonomy":"category","embeddable":true,"href":"https:\/\/blog.wuuff.dog\/hu\/wp-json\/wp\/v2\/categories?post=1863"},{"taxonomy":"post_tag","embeddable":true,"href":"https:\/\/blog.wuuff.dog\/hu\/wp-json\/wp\/v2\/tags?post=1863"}],"curies":[{"name":"wp","href":"https:\/\/api.w.org\/{rel}","templated":true}]}}