{"id":1640,"date":"2018-07-26T12:05:19","date_gmt":"2018-07-26T12:05:19","guid":{"rendered":"https:\/\/blog.wuuff.dog\/?p=1640"},"modified":"2019-03-26T11:16:29","modified_gmt":"2019-03-26T11:16:29","slug":"a-kutya-fogazata","status":"publish","type":"post","link":"https:\/\/blog.wuuff.dog\/hu\/a-kutya-fogazata\/","title":{"rendered":"A kuty\u00e1k fogazata"},"content":{"rendered":"<p>A kuty\u00e1k fogazata a t\u00e1pl\u00e1l\u00e9k megragad\u00e1s\u00e1ra, leharap\u00e1s\u00e1ra \u00e9s feldarabol\u00e1s\u00e1ra, valamint v\u00e9dekez\u00e9sre, t\u00e1mad\u00e1sra is haszn\u00e1latos. K\u00fclsej\u00fcket tekintve a fogak k\u00fcl\u00f6nb\u00f6znek egym\u00e1st\u00f3l, form\u00e1juk a rendeltet\u00e9s\u00e9t\u0151l f\u00fcgg.Az el\u0151l lev\u0151 fogak, a metsz\u0151fogak feladata a t\u00e1pl\u00e1l\u00e9k megragad\u00e1sa. A sz\u00e9ls\u0151 metsz\u0151fogak m\u00f6g\u00f6tt tal\u00e1ljuk a szemfogakat, melyek a t\u00e1mad\u00e1s \u00e9s az \u00f6nv\u00e9delem eszk\u00f6zei, de megragadott t\u00e1pl\u00e1l\u00e9k megtart\u00e1s\u00e1ra \u00e9s feldarabol\u00e1s\u00e1ra is szolg\u00e1lnak. A szemfogak m\u00f6g\u00f6tt az el\u0151- \u00e9s ut\u00f3z\u00e1pfogak helyezkednek el, melyek jobb \u00e9s baloldalon egyenl\u0151en oszlanak meg. A z\u00e1pfogak felsz\u00edne egyenetlen \u00e9les dudorban v\u00e9gz\u0151dik, \u00e9s a szil\u00e1rd t\u00e1pl\u00e1l\u00e9k felapr\u00f3z\u00e1s\u00e1ra hivatottak. R\u00e1g\u00e1s k\u00f6zben az \u00e1llkapocs alulr\u00f3l felfel\u00e9 mozog.A fogak lehetnek tej- \u00e9s \u00e1lland\u00f3 fogak. A tejfogak 3 hetes kort\u00f3l kezdve b\u00fajnak el\u0151, bizonyos id\u0151 m\u00falva kihullnak, \u00e9s felcser\u00e9l\u0151dnek marad\u00f3 foggal. A metsz\u0151fogak v\u00e1lt\u00f3d\u00e1sa a k\u00f6ly\u00f6k 2 h\u00f3napos kor\u00e1t\u00f3l kezd\u0151dik. A fogak alul az \u00e1llkapocs-, fel\u00fcl az \u00e1ll- \u00e9s az \u00e1llk\u00f6z\u00f6tti csont fogmedreiben r\u00f6gz\u0151dnek. A fog f\u00e9lhold alak\u00fa r\u00e9sz\u00e9t gy\u00f6k\u00e9rnek, a sz\u00e1j\u00fcregbe kiny\u00fal\u00f3 darabj\u00e1t koron\u00e1nak nevezz\u00fck. A fog a csontn\u00e1l kem\u00e9nyebb dentilb\u0151l \u00e1ll. M\u00e9g kem\u00e9nyebb anyag, a fogzom\u00e1nc bor\u00edtja a koron\u00e1t. A fog \u00fcreges belsej\u00e9ben a l\u00e1gy r\u00e9sz (pulpa) helyezkedik el, melyben v\u00e9rerek \u00e9s idegek haladnak kereszt\u00fcl.A kutya \u00e9lete sor\u00e1n a fogak koron\u00e1ja lekopik, ennek alapj\u00e1n hat\u00e1rozhatjuk meg az egyed \u00e9letkor\u00e1t. A fogak megjelen\u00e9s\u00e9nek id\u0151pontja \u00e9s m\u0171k\u00f6d\u00e9s\u00fck id\u0151tartama szerint k\u00fcl\u00f6nbs\u00e9get tesz\u00fcnk tej-, tov\u00e1bb\u00e1 val\u00f3di (marad\u00f3) fogak k\u00f6z\u00f6tt.<\/p>\n<h2><strong>Tejfogak<\/strong><\/h2>\n<p>A tejfogak t\u00f6bbnyire 3-4 hetes korban jelennek meg, szop\u00e1s k\u00f6zben m\u00e1r ekkor fels\u00e9rthetik az anyakutya eml\u0151it. N\u00e9h\u00e1ny \u00e9lettani jelens\u00e9g el\u0151zi meg a tejfog \u00e1tt\u00f6r\u00e9s\u00e9t, p\u00e9ld\u00e1ul a fog\u00edny puh\u00e1bb lesz, elv\u00e9konyodik, rajta kis dudor t\u00e1mad, a sz\u00f6vetek sz\u00e9tv\u00e1lnak, \u00e9s el\u0151t\u00f6r a tejfog. El\u0151sz\u00f6r az apr\u00f3, hegyes tejmetsz\u0151fogak jelennek meg. Legt\u00f6bb esetben szab\u00e1lytalan sorrendben t\u00f6rt\u00e9nik, b\u00e1r n\u00e9mi egym\u00e1sut\u00e1nis\u00e1g m\u00e9giscsak megfigyelhet\u0151. A fels\u0151 tejmetsz\u0151k k\u00f6z\u00fcl el\u0151sz\u00f6r a fog\u00f3fog (I1), k\u00e9s\u0151bb a szegletfog (I3), majd a k\u00f6z\u00e9pfog (I2) hasad ki. Az \u00e1llkapocsban a 21. napon a fog\u00f3fog, a 25. napon a szegletfog hasad.A tejmetsz\u0151fogak karcs\u00faak, egym\u00e1st\u00f3l t\u00e1vol \u00fclnek. A 6. h\u00e9tt\u0151l kezdet\u00e9t veszi el\u0151bb az als\u00f3, majd a fels\u0151 tejmetsz\u0151fogak kop\u00e1sa, s egym\u00e1st\u00f3l val\u00f3 t\u00e1volod\u00e1sa. A 4. h\u00f3nap v\u00e9ge fel\u00e9 befejez\u0151dik a kop\u00e1s , kilazulva, ferd\u00e9n \u00e1llnak a fogmedreikben, \u00e9s a fogv\u00e1lt\u00e1s ekkor veszi kezdet\u00e9t.<\/p>\n<p><span style=\"width: 100%;\"><img loading=\"lazy\" decoding=\"async\" alt=\"Kutya fogai \u00e9letkor szerint\" title=\"Kutya fogai \u00e9letkor szerint\" data-id=\"1642\" src=\"\/\/blog.wuuff.dog\/wp-content\/uploads\/2018\/07\/kutya-fogak-2.jpg?x72956\" style=\"width: 100%;\" width=\"570\" height=\"254\"><\/span><\/p>\n<p>A k\u00e9kesfeh\u00e9r, hegyes, karcs\u00fa tejszemfogak a 30. napon jelennek meg. A val\u00f3di szemfogakn\u00e1l er\u0151teljesebben g\u00f6rb\u00fcltek, gy\u00f6ker\u00fck r\u00f6videbb, hossz\u00fas\u00e1guk ezzel szemben megegyezik. A tejel\u0151z\u00e1pfogak csup\u00e1n nagys\u00e1gukban \u00e9s gy\u00f6ker\u00fck hossz\u00e1ban k\u00fcl\u00f6nb\u00f6znek a val\u00f3di el\u0151z\u00e1pfogakt\u00f3l. Az als\u00f3 tejel\u0151z\u00e1pfogak kiss\u00e9 nagyobbak, mint a fels\u0151k.A tejfogak kisebb sz\u00e1mban tal\u00e1lhat\u00f3k, fennmarad\u00e1suk a k\u00f6ly\u00f6k \u00e9let\u00e9nek 4.h\u00f3napj\u00e1ig tart. Gyorsan kopnak, a val\u00f3di fogak kib\u00fav\u00e1sakor gy\u00f6ker\u00fck felsz\u00edv\u00f3dik, \u00e9s kinyomj\u00e1k a megmaradt tejfogr\u00e9szt. Bizonyos id\u0151 m\u00falva a tejfogak marad\u00f3 fogakra v\u00e1lt\u00f3dnak. A tejfogak hasonl\u00edtanak a marad\u00f3 fogakhoz, de jelent\u0151sen kisebbek. Gy\u00f6ker\u00fck hosszabb \u00e9s karcs\u00fabb, mint a kinn l\u00e9v\u0151 fogkorona. A fogv\u00e1lt\u00e1s fel\u00e9 k\u00f6zeledve, a tejfogak k\u00f6z\u00f6tt egyre nagyobb a t\u00e1vols\u00e1g. A tejfogakn\u00e1l ritka az alaki \u00e9s a sz\u00e1mbeli elt\u00e9r\u00e9s. A hib\u00e1s el\u0151re- \u00e9s h\u00e1traharap\u00e1s k\u00f6ly\u00f6kkorban m\u00e1r \u00e9szrevehet\u0151. A tejfogak sz\u00e1ma 30.<\/p>\n<h2><strong>Val\u00f3di fogak<\/strong><\/h2>\n<p>A marad\u00f3 fogak er\u0151sebbek, nagyobbak mint a tejfogak. Sok\u00e1ig, olykor a kutya \u00e9lete v\u00e9g\u00e9ig megmaradnak. K\u00e9tf\u00e9l\u00e9k lehetnek: vannak, melyeket a tejfogak nem el\u0151znek meg \u00e9s vannak, melyek a tejfogak hely\u00e9n n\u0151nek ki. A v\u00e9gleges fogazat 7 h\u00f3napos korban alakul ki. M\u00e1r ekkor is jelentkezhetnek k\u00fcl\u00f6nf\u00e9le probl\u00e9m\u00e1k, \u00e9s n\u00e9ha el\u0151fordul, hogy a tejfogak nem esnek ki magukt\u00f3l. Ilyenkor \u00e1llatorvosi beavatkoz\u00e1sra van sz\u00fcks\u00e9g. A rosszul n\u0151tt fogak elronthatj\u00e1k a metsz\u0151fogak szab\u00e1lyos tal\u00e1lkoz\u00e1s\u00e1t (a harap\u00e1st), id\u0151ben t\u00f6rt\u00e9n\u0151 k\u00f6zbel\u00e9p\u00e9s kism\u00e9rt\u00e9kben seg\u00edthet ezen.<\/p>\n<p><span style=\"width: 100%;\"><img loading=\"lazy\" decoding=\"async\" alt=\"Kutya fogak t\u00edpusai\" title=\"Kutya fogak t\u00edpusai\" data-id=\"1647\" src=\"\/\/blog.wuuff.dog\/wp-content\/uploads\/2018\/07\/kutya-fogak-3.jpg?x72956\" style=\"width: 100%;\" width=\"429\" height=\"336\"><\/span><\/p>\n<p>A val\u00f3di fogak eset\u00e9ben is megk\u00fcl\u00f6nb\u00f6ztet\u00fcnk: metsz\u0151fogakat (I), szemfogakat (C), el\u0151z\u00e1pfogakat (P), ut\u00f3z\u00e1pfogakat (M). A marad\u00f3 metsz\u0151fogak sz\u00e1ma alul \u00e9s fel\u00fcl 6-6, a szemfogak sz\u00e1ma alul \u00e9s fel\u00fcl 2-2, az el\u0151z\u00e1pfogak sz\u00e1ma alul \u00e9s fel\u00fcl 8-8, az ut\u00f3z\u00e1pfogak sz\u00e1ma alul: 6, fel\u00fcl: 4. A val\u00f3di fogak sz\u00e1ma 42.A val\u00f3di metsz\u0151fogak elnevez\u00e9se: a fog\u00f3fog (I1), a k\u00f6z\u00e9pfog (I2), a szegletfog (I3), melyek egym\u00e1s mellett enyh\u00e9n \u00edvelt sorban helyezkednek el. A fels\u0151 metsz\u0151k er\u0151sebbek \u00e9s az I1-t\u0151l az I3-ig fokozatosan nagyobbodnak. Ajaki fel\u00fclet\u00fck dombor\u00fa, a nyelvi fel\u00fclet\u00fck enyh\u00e9n v\u00e1jt.<\/p>\n<p><span style=\"width: 100%;\"><img loading=\"lazy\" decoding=\"async\" alt=\"Kutya fogak\" title=\"Kutya fogak\" data-id=\"1652\" src=\"\/\/blog.wuuff.dog\/wp-content\/uploads\/2018\/07\/kutya-fogak-4.jpg?x72956\" style=\"width: 100%;\" width=\"429\" height=\"282\"><\/span><\/p>\n<p>A szemfogak a legnagyobbak \u00e9s a leger\u0151sebbek, enyh\u00e9n hajlottak, k\u00fapalak\u00faak. Az als\u00f3 szemfogak jobban hajlottak, mint a fels\u0151k, megk\u00f6zel\u00edt\u0151en azonos nagys\u00e1g\u00faak. Az als\u00f3 el\u0151z\u00e1pfogat (P1) alig lehet \u00e9szrevenni. Hi\u00e1nya azt is jelentheti, hogy ez a piciny fog ott van az \u00e1llkapocsban, csak \u00e9ppen nem b\u00fajt el\u0151. Az el\u0151z\u00e1pfogakn\u00e1l a fels\u0151 P1 fog 5 h\u00f3napos, az als\u00f3 valamint a fels\u0151 P2 fog 6 h\u00f3napos, az als\u00f3 \u00e9s fels\u0151 P3 \u00e9s P4 fog 5-7 h\u00f3napos korban v\u00e1lt\u00f3dik. Az ut\u00f3z\u00e1pfogak k\u00f6z\u00fcl az M1 4-5 h\u00f3napos, az M2 5-6 h\u00f3napos, az als\u00f3 M3 6-7 h\u00f3napos korban hasad. Tejfog teh\u00e1t nem el\u0151zi meg a mol\u00e1ris (M) fogakat. Az el\u0151z\u00e1pfogak fel\u00fcl a P4 fogig, alul az M1 fogig fokozatosan nagyobbodnak, \u00e9s fel\u00fcl a negyedik (P4), alul az 5. fog (M1) a legnagyobb.<\/p>\n<h2><strong>Az als\u00f3 \u00e9s fels\u0151 metsz\u0151fogak z\u00e1r\u00f3d\u00e1sa<\/strong><\/h2>\n<p>Az als\u00f3 fogak helyez\u0151d\u00e9se, az als\u00f3- \u00e9s a fels\u0151 fogsor z\u00e1r\u00f3d\u00e1sa nemcsak a t\u00e1pl\u00e1l\u00e9k megr\u00e1g\u00e1sa miatt, hanem a rendelleness\u00e9gek kialakul\u00e1sa szempontj\u00e1b\u00f3l is l\u00e9nyeges. A szab\u00e1lyos z\u00e1r\u00f3d\u00e1s biztos\u00edtja, hogy a fogak egym\u00e1sra egyenletes nyom\u00e1st gyakorolnak, ez\u00e9rt egyform\u00e1n kopnak.<\/p>\n<p><span style=\"width: 100%;\"><img loading=\"lazy\" decoding=\"async\" alt=\"Kutya metsz\u0151fogak\" title=\"Kutya metsz\u0151fogak\" data-id=\"1657\" src=\"\/\/blog.wuuff.dog\/wp-content\/uploads\/2018\/07\/kutya-fogak-5_0.jpg?x72956\" style=\"width: 100%;\" width=\"240\" height=\"192\"><\/span><\/p>\n<p>Szab\u00e1lyos (oll\u00f3szer\u0171) harap\u00e1skor a kutya fels\u0151 metsz\u0151fogainak bels\u0151 fel\u00fclete egyharmad r\u00e9szben takarja az als\u00f3 metsz\u0151fogak k\u00fcls\u0151 fel\u00fclet\u00e9t.Az als\u00f3 \u00e9s fels\u0151 metsz\u0151fogak enyhe \u00edvben, az el\u0151 \u00e9s ut\u00f3z\u00e1pfogak fokozatosan kifel\u00e9 t\u00e9r\u0151, k\u00f6zel egyenes sorban helyez\u0151dnek. A fels\u0151 fogsor takarja az als\u00f3t &#8211; szab\u00e1lyos fogazat eset\u00e9n &#8211; kiegyenl\u00edtett.<\/p>\n<p><span style=\"width: 100%;\"><img loading=\"lazy\" decoding=\"async\" alt=\"Boxer fogak\" title=\"Boxer fogak\" data-id=\"1662\" src=\"\/\/blog.wuuff.dog\/wp-content\/uploads\/2018\/07\/boxer-fog_0.jpg?x72956\" style=\"width: 100%;\" width=\"240\" height=\"225\"><\/span><\/p>\n<p>A g\u00f6mb\u00f6ly\u0171 fej\u0171 fajt\u00e1k (boxer, angol \u00e9s francia bulldog stb.) als\u00f3 \u00e9s fels\u0151 metsz\u0151fogaik harap\u00e1sa k\u00fcl\u00f6nb\u00f6zik az el\u0151bb eml\u00edtettekt\u0151l. Ezek a kuty\u00e1k el\u0151re harap\u00e1ssal rendelkeznek, ez a harap\u00e1si forma tulajdonk\u00e9ppen rendelleness\u00e9g, az \u00e1llcsont a szab\u00e1lyosn\u00e1l r\u00f6videbb, az \u00e1llkapocs viszont norm\u00e1l nagys\u00e1g\u00fa. A harap\u00e1s m\u00e9lys\u00e9ge nem lehet olyan nagy, hogy az egyed metsz\u0151fogai z\u00e1rt sz\u00e1j mellett l\u00e1tsz\u00f3djanak. A fogmutogat\u00e1s gyakorta j\u00e1r egy\u00fctt ferde \u00e1llkapoccsal \u00e9s nyelvmutogat\u00e1ssal.<\/p>\n<h2><strong>Fogrendelleness\u00e9gek<\/strong><\/h2>\n<p>\u00d6r\u00f6kl\u00f6ttek vagy szerzettek lehetnek. Az \u00f6r\u00f6kl\u00f6tt rendelleness\u00e9ggel b\u00edr\u00f3 egyed teny\u00e9szt\u00e9sbe \u00e1ll\u00edt\u00e1sa nem javasolt. Amennyiben a fogak hib\u00e1s helyez\u0151d\u00e9sei szerzettek &#8211; ami ritk\u00e1n fordul el\u0151 -, akkor ez nem befoly\u00e1solhatja az ilyen kutya teny\u00e9szt\u00e9sbe v\u00e9tel\u00e9t, ez ugyanis nem \u00f6r\u00f6kletes hanem szerzett foghiba.<\/p>\n<h3>\u00d6r\u00f6k\u00f6lt fogrendelleness\u00e9gek<\/h3>\n<p><span style=\"width: 100%;\"><img loading=\"lazy\" decoding=\"async\" alt=\"\u00d6r\u00f6k\u00f6lt fogrendelleness\u00e9gek\" title=\"\u00d6r\u00f6k\u00f6lt fogrendelleness\u00e9gek\" data-id=\"1667\" src=\"\/\/blog.wuuff.dog\/wp-content\/uploads\/2018\/07\/kutya-fogak-6.jpg?x72956\" style=\"width: 100%;\" width=\"181\" height=\"352\"><\/span><\/p>\n<p><strong>T\u00e9tre harap\u00e1s <\/strong>\u2013 harap\u00f3fog\u00f3 harap\u00e1s &#8211; az als\u00f3 \u00e9s a fels\u0151 metsz\u0151fogak r\u00e1g\u00f3fel\u00fcletekkel tal\u00e1lkoznak.&nbsp;<\/p>\n<p><strong>El\u0151reharap\u00e1s <\/strong>\u2013 csukafogazat &#8211; a fels\u0151 metsz\u0151fogak kisebb nagyobb t\u00e1vols\u00e1gban az als\u00f3 metsz\u0151k m\u00f6g\u00f6tt helyez\u0151dnek.<\/p>\n<p><strong>H\u00e1traharap\u00e1s<\/strong> \u2013 pontyfogazat &#8211; a fels\u0151 metsz\u0151k az als\u00f3 metsz\u0151fogak el\u0151tt vannak.&nbsp;<\/p>\n<p>A metsz\u0151fogak egym\u00e1st\u00f3l t\u00e1vol \u00e1ll\u00e1sa \u00e9s egym\u00e1shoz k\u00f6zel \u00e1ll\u00e1sa f\u0151k\u00e9nt az als\u00f3 metsz\u0151fogakn\u00e1l gyakori. Szab\u00e1lytalan helyez\u0151d\u00e9s lehet: el\u0151re vagy h\u00e1trahajl\u00e1s, oldalhajl\u00e1s, hossztengelye k\u00f6r\u00fcli el\u0151fordul\u00e1s, fogsor melletti helyez\u0151d\u00e9s. Foghi\u00e1ny az el\u0151- \u00e9s az ut\u00f3z\u00e1pfogak eset\u00e9ben fordul el\u0151. Leggyakoribb az \u00e1llkapocsban l\u00e9v\u0151 P1 fog hi\u00e1nya.<\/p>\n<h2><strong>Val\u00f3di metsz\u0151fogak kop\u00e1sa \u00e9s kies\u00e9se<\/strong><\/h2>\n<p>A val\u00f3di metsz\u0151fogak &#8211; v\u00e1lt\u00f3d\u00e1suk ut\u00e1n &#8211; fokozatosan sorban n\u0151nek, \u00e9s kop\u00e1suk 1 \u00e9ves korban indul. A fels\u0151 metsz\u0151fogakn\u00e1l kezdetben a f\u0151cs\u00facs, majd a mell\u00e9kcs\u00facsok kop\u00e1sa kezd\u0151dik el. Tart\u00e1si \u00e9s t\u00e1pl\u00e1l\u00e1si viszonyok nagym\u00e9rt\u00e9kben befoly\u00e1solj\u00e1k a fogak kop\u00e1s\u00e1t. Az id\u0151s\u00f6d\u0151 kutya val\u00f3di metsz\u0151fogainak kihull\u00e1sa valamif\u00e9le szab\u00e1lyszer\u0171s\u00e9g szerint t\u00f6rt\u00e9nik. Kezdetben az als\u00f3, majd a fels\u0151 metsz\u0151fogak hullanak ki.<\/p>\n<p><strong>\u00d6ssze\u00e1ll\u00edtotta:<\/strong> Vir\u00e1nyi Veronika kutyakozmetikus<strong>Tel:<\/strong> 0670 621 76 18<a href=\"http:\/\/www.angyalikutyak.com\/\"><\/a><\/p>\n","protected":false},"excerpt":{"rendered":"<p>A kuty\u00e1k fogazata a t\u00e1pl\u00e1l\u00e9k megragad\u00e1s\u00e1ra, leharap\u00e1s\u00e1ra \u00e9s feldarabol\u00e1s\u00e1ra, valamint v\u00e9dekez\u00e9sre, t\u00e1mad\u00e1sra is haszn\u00e1latos. K\u00fclsej\u00fcket tekintve a fogak k\u00fcl\u00f6nb\u00f6znek egym\u00e1st\u00f3l, form\u00e1juk a rendeltet\u00e9s\u00e9t\u0151l f\u00fcgg.Az el\u0151l lev\u0151 fogak, a metsz\u0151fogak feladata a t\u00e1pl\u00e1l\u00e9k megragad\u00e1sa. A sz\u00e9ls\u0151 metsz\u0151fogak m\u00f6g\u00f6tt tal\u00e1ljuk a szemfogakat, melyek a t\u00e1mad\u00e1s \u00e9s az \u00f6nv\u00e9delem eszk\u00f6zei, de megragadott t\u00e1pl\u00e1l\u00e9k megtart\u00e1s\u00e1ra \u00e9s feldarabol\u00e1s\u00e1ra is szolg\u00e1lnak. [&hellip;]<\/p>\n","protected":false},"author":2,"featured_media":2233,"comment_status":"closed","ping_status":"closed","sticky":false,"template":"","format":"standard","meta":{"footnotes":""},"categories":[48],"tags":[],"class_list":["post-1640","post","type-post","status-publish","format-standard","has-post-thumbnail","hentry","category-kutya-egeszsegugy"],"yoast_head":"<!-- This site is optimized with the Yoast SEO plugin v27.5 - https:\/\/yoast.com\/product\/yoast-seo-wordpress\/ -->\n<title>A kuty\u00e1k fogazata - Wuuff Blog<\/title>\n<meta name=\"description\" content=\"A kuty\u00e1k fogazata a t\u00e1pl\u00e1l\u00e9k megragad\u00e1s\u00e1ra, leharap\u00e1s\u00e1ra \u00e9s feldarabol\u00e1s\u00e1ra, valamint v\u00e9dekez\u00e9sre, t\u00e1mad\u00e1sra is haszn\u00e1latos.\" \/>\n<meta name=\"robots\" content=\"index, follow, max-snippet:-1, max-image-preview:large, max-video-preview:-1\" \/>\n<link rel=\"canonical\" href=\"https:\/\/blog.wuuff.dog\/hu\/a-kutya-fogazata\/\" \/>\n<meta property=\"og:locale\" content=\"hu_HU\" \/>\n<meta property=\"og:type\" content=\"article\" \/>\n<meta property=\"og:title\" content=\"A kuty\u00e1k fogazata - Wuuff Blog\" \/>\n<meta property=\"og:description\" content=\"A kuty\u00e1k fogazata a t\u00e1pl\u00e1l\u00e9k megragad\u00e1s\u00e1ra, leharap\u00e1s\u00e1ra \u00e9s feldarabol\u00e1s\u00e1ra, valamint v\u00e9dekez\u00e9sre, t\u00e1mad\u00e1sra is haszn\u00e1latos.\" \/>\n<meta property=\"og:url\" content=\"https:\/\/blog.wuuff.dog\/hu\/a-kutya-fogazata\/\" \/>\n<meta property=\"og:site_name\" content=\"Wuuff Blog\" \/>\n<meta property=\"article:publisher\" content=\"https:\/\/www.facebook.com\/wuuff.dog\/\" \/>\n<meta property=\"article:published_time\" content=\"2018-07-26T12:05:19+00:00\" \/>\n<meta property=\"article:modified_time\" content=\"2019-03-26T11:16:29+00:00\" \/>\n<meta property=\"og:image\" content=\"https:\/\/blog.wuuff.dog\/wp-content\/uploads\/2018\/07\/rsz_doggos.jpg\" \/>\n\t<meta property=\"og:image:width\" content=\"1974\" \/>\n\t<meta property=\"og:image:height\" content=\"750\" \/>\n\t<meta property=\"og:image:type\" content=\"image\/jpeg\" \/>\n<meta name=\"author\" content=\"Sandor Fagyal\" \/>\n<meta name=\"twitter:card\" content=\"summary_large_image\" \/>\n<meta name=\"twitter:creator\" content=\"@wuuffdog\" \/>\n<meta name=\"twitter:site\" content=\"@wuuffdog\" \/>\n<meta name=\"twitter:label1\" content=\"Szerz\u0151:\" \/>\n\t<meta name=\"twitter:data1\" content=\"Sandor Fagyal\" \/>\n\t<meta name=\"twitter:label2\" content=\"Becs\u00fclt olvas\u00e1si id\u0151\" \/>\n\t<meta name=\"twitter:data2\" content=\"8 perc\" \/>\n<script type=\"application\/ld+json\" class=\"yoast-schema-graph\">{\"@context\":\"https:\\\/\\\/schema.org\",\"@graph\":[{\"@type\":\"Article\",\"@id\":\"https:\\\/\\\/blog.wuuff.dog\\\/hu\\\/a-kutya-fogazata\\\/#article\",\"isPartOf\":{\"@id\":\"https:\\\/\\\/blog.wuuff.dog\\\/hu\\\/a-kutya-fogazata\\\/\"},\"author\":{\"name\":\"Sandor Fagyal\",\"@id\":\"https:\\\/\\\/blog.wuuff.dog\\\/#\\\/schema\\\/person\\\/9b5660b3c31c6f117272138eaf162162\"},\"headline\":\"A kuty\u00e1k fogazata\",\"datePublished\":\"2018-07-26T12:05:19+00:00\",\"dateModified\":\"2019-03-26T11:16:29+00:00\",\"mainEntityOfPage\":{\"@id\":\"https:\\\/\\\/blog.wuuff.dog\\\/hu\\\/a-kutya-fogazata\\\/\"},\"wordCount\":1707,\"publisher\":{\"@id\":\"https:\\\/\\\/blog.wuuff.dog\\\/#organization\"},\"image\":{\"@id\":\"https:\\\/\\\/blog.wuuff.dog\\\/hu\\\/a-kutya-fogazata\\\/#primaryimage\"},\"thumbnailUrl\":\"https:\\\/\\\/blog.wuuff.dog\\\/wp-content\\\/uploads\\\/2018\\\/07\\\/rsz_doggos.jpg\",\"articleSection\":[\"Kutya eg\u00e9szs\u00e9g\"],\"inLanguage\":\"hu\"},{\"@type\":\"WebPage\",\"@id\":\"https:\\\/\\\/blog.wuuff.dog\\\/hu\\\/a-kutya-fogazata\\\/\",\"url\":\"https:\\\/\\\/blog.wuuff.dog\\\/hu\\\/a-kutya-fogazata\\\/\",\"name\":\"A kuty\u00e1k fogazata - Wuuff Blog\",\"isPartOf\":{\"@id\":\"https:\\\/\\\/blog.wuuff.dog\\\/#website\"},\"primaryImageOfPage\":{\"@id\":\"https:\\\/\\\/blog.wuuff.dog\\\/hu\\\/a-kutya-fogazata\\\/#primaryimage\"},\"image\":{\"@id\":\"https:\\\/\\\/blog.wuuff.dog\\\/hu\\\/a-kutya-fogazata\\\/#primaryimage\"},\"thumbnailUrl\":\"https:\\\/\\\/blog.wuuff.dog\\\/wp-content\\\/uploads\\\/2018\\\/07\\\/rsz_doggos.jpg\",\"datePublished\":\"2018-07-26T12:05:19+00:00\",\"dateModified\":\"2019-03-26T11:16:29+00:00\",\"description\":\"A kuty\u00e1k fogazata a t\u00e1pl\u00e1l\u00e9k megragad\u00e1s\u00e1ra, leharap\u00e1s\u00e1ra \u00e9s feldarabol\u00e1s\u00e1ra, valamint v\u00e9dekez\u00e9sre, t\u00e1mad\u00e1sra is haszn\u00e1latos.\",\"breadcrumb\":{\"@id\":\"https:\\\/\\\/blog.wuuff.dog\\\/hu\\\/a-kutya-fogazata\\\/#breadcrumb\"},\"inLanguage\":\"hu\",\"potentialAction\":[{\"@type\":\"ReadAction\",\"target\":[\"https:\\\/\\\/blog.wuuff.dog\\\/hu\\\/a-kutya-fogazata\\\/\"]}]},{\"@type\":\"ImageObject\",\"inLanguage\":\"hu\",\"@id\":\"https:\\\/\\\/blog.wuuff.dog\\\/hu\\\/a-kutya-fogazata\\\/#primaryimage\",\"url\":\"https:\\\/\\\/blog.wuuff.dog\\\/wp-content\\\/uploads\\\/2018\\\/07\\\/rsz_doggos.jpg\",\"contentUrl\":\"https:\\\/\\\/blog.wuuff.dog\\\/wp-content\\\/uploads\\\/2018\\\/07\\\/rsz_doggos.jpg\",\"width\":1974,\"height\":750,\"caption\":\"A kuty\u00e1k fogazata\"},{\"@type\":\"BreadcrumbList\",\"@id\":\"https:\\\/\\\/blog.wuuff.dog\\\/hu\\\/a-kutya-fogazata\\\/#breadcrumb\",\"itemListElement\":[{\"@type\":\"ListItem\",\"position\":1,\"name\":\"Home\",\"item\":\"https:\\\/\\\/blog.wuuff.dog\\\/hu\\\/\"},{\"@type\":\"ListItem\",\"position\":2,\"name\":\"A kuty\u00e1k fogazata\"}]},{\"@type\":\"WebSite\",\"@id\":\"https:\\\/\\\/blog.wuuff.dog\\\/#website\",\"url\":\"https:\\\/\\\/blog.wuuff.dog\\\/\",\"name\":\"Wuuff Blog\",\"description\":\"Kuty\u00e1t j\u00f3 teny\u00e9szt\u0151t\u0151l j\u00f3 gazdihoz!\",\"publisher\":{\"@id\":\"https:\\\/\\\/blog.wuuff.dog\\\/#organization\"},\"potentialAction\":[{\"@type\":\"SearchAction\",\"target\":{\"@type\":\"EntryPoint\",\"urlTemplate\":\"https:\\\/\\\/blog.wuuff.dog\\\/?s={search_term_string}\"},\"query-input\":{\"@type\":\"PropertyValueSpecification\",\"valueRequired\":true,\"valueName\":\"search_term_string\"}}],\"inLanguage\":\"hu\"},{\"@type\":\"Organization\",\"@id\":\"https:\\\/\\\/blog.wuuff.dog\\\/#organization\",\"name\":\"Wuuff LLC\",\"url\":\"https:\\\/\\\/blog.wuuff.dog\\\/\",\"logo\":{\"@type\":\"ImageObject\",\"inLanguage\":\"hu\",\"@id\":\"https:\\\/\\\/blog.wuuff.dog\\\/#\\\/schema\\\/logo\\\/image\\\/\",\"url\":\"https:\\\/\\\/blog.wuuff.dog\\\/wp-content\\\/uploads\\\/2017\\\/07\\\/wuuff-favicon-1.png\",\"contentUrl\":\"https:\\\/\\\/blog.wuuff.dog\\\/wp-content\\\/uploads\\\/2017\\\/07\\\/wuuff-favicon-1.png\",\"width\":96,\"height\":96,\"caption\":\"Wuuff LLC\"},\"image\":{\"@id\":\"https:\\\/\\\/blog.wuuff.dog\\\/#\\\/schema\\\/logo\\\/image\\\/\"},\"sameAs\":[\"https:\\\/\\\/www.facebook.com\\\/wuuff.dog\\\/\",\"https:\\\/\\\/x.com\\\/wuuffdog\",\"https:\\\/\\\/www.instagram.com\\\/wuuff.dog\\\/\",\"https:\\\/\\\/www.linkedin.com\\\/company\\\/wuuff-llc\\\/about\\\/?viewAsMember=true\",\"https:\\\/\\\/hu.pinterest.com\\\/wuuff\\\/\",\"https:\\\/\\\/www.youtube.com\\\/channel\\\/UC5-xBqPvOo9Tyj3KuifxW_Q\"]},{\"@type\":\"Person\",\"@id\":\"https:\\\/\\\/blog.wuuff.dog\\\/#\\\/schema\\\/person\\\/9b5660b3c31c6f117272138eaf162162\",\"name\":\"Sandor Fagyal\"}]}<\/script>\n<!-- \/ Yoast SEO plugin. -->","yoast_head_json":{"title":"A kuty\u00e1k fogazata - Wuuff Blog","description":"A kuty\u00e1k fogazata a t\u00e1pl\u00e1l\u00e9k megragad\u00e1s\u00e1ra, leharap\u00e1s\u00e1ra \u00e9s feldarabol\u00e1s\u00e1ra, valamint v\u00e9dekez\u00e9sre, t\u00e1mad\u00e1sra is haszn\u00e1latos.","robots":{"index":"index","follow":"follow","max-snippet":"max-snippet:-1","max-image-preview":"max-image-preview:large","max-video-preview":"max-video-preview:-1"},"canonical":"https:\/\/blog.wuuff.dog\/hu\/a-kutya-fogazata\/","og_locale":"hu_HU","og_type":"article","og_title":"A kuty\u00e1k fogazata - Wuuff Blog","og_description":"A kuty\u00e1k fogazata a t\u00e1pl\u00e1l\u00e9k megragad\u00e1s\u00e1ra, leharap\u00e1s\u00e1ra \u00e9s feldarabol\u00e1s\u00e1ra, valamint v\u00e9dekez\u00e9sre, t\u00e1mad\u00e1sra is haszn\u00e1latos.","og_url":"https:\/\/blog.wuuff.dog\/hu\/a-kutya-fogazata\/","og_site_name":"Wuuff Blog","article_publisher":"https:\/\/www.facebook.com\/wuuff.dog\/","article_published_time":"2018-07-26T12:05:19+00:00","article_modified_time":"2019-03-26T11:16:29+00:00","og_image":[{"width":1974,"height":750,"url":"https:\/\/blog.wuuff.dog\/wp-content\/uploads\/2018\/07\/rsz_doggos.jpg","type":"image\/jpeg"}],"author":"Sandor Fagyal","twitter_card":"summary_large_image","twitter_creator":"@wuuffdog","twitter_site":"@wuuffdog","twitter_misc":{"Szerz\u0151:":"Sandor Fagyal","Becs\u00fclt olvas\u00e1si id\u0151":"8 perc"},"schema":{"@context":"https:\/\/schema.org","@graph":[{"@type":"Article","@id":"https:\/\/blog.wuuff.dog\/hu\/a-kutya-fogazata\/#article","isPartOf":{"@id":"https:\/\/blog.wuuff.dog\/hu\/a-kutya-fogazata\/"},"author":{"name":"Sandor Fagyal","@id":"https:\/\/blog.wuuff.dog\/#\/schema\/person\/9b5660b3c31c6f117272138eaf162162"},"headline":"A kuty\u00e1k fogazata","datePublished":"2018-07-26T12:05:19+00:00","dateModified":"2019-03-26T11:16:29+00:00","mainEntityOfPage":{"@id":"https:\/\/blog.wuuff.dog\/hu\/a-kutya-fogazata\/"},"wordCount":1707,"publisher":{"@id":"https:\/\/blog.wuuff.dog\/#organization"},"image":{"@id":"https:\/\/blog.wuuff.dog\/hu\/a-kutya-fogazata\/#primaryimage"},"thumbnailUrl":"https:\/\/blog.wuuff.dog\/wp-content\/uploads\/2018\/07\/rsz_doggos.jpg","articleSection":["Kutya eg\u00e9szs\u00e9g"],"inLanguage":"hu"},{"@type":"WebPage","@id":"https:\/\/blog.wuuff.dog\/hu\/a-kutya-fogazata\/","url":"https:\/\/blog.wuuff.dog\/hu\/a-kutya-fogazata\/","name":"A kuty\u00e1k fogazata - Wuuff Blog","isPartOf":{"@id":"https:\/\/blog.wuuff.dog\/#website"},"primaryImageOfPage":{"@id":"https:\/\/blog.wuuff.dog\/hu\/a-kutya-fogazata\/#primaryimage"},"image":{"@id":"https:\/\/blog.wuuff.dog\/hu\/a-kutya-fogazata\/#primaryimage"},"thumbnailUrl":"https:\/\/blog.wuuff.dog\/wp-content\/uploads\/2018\/07\/rsz_doggos.jpg","datePublished":"2018-07-26T12:05:19+00:00","dateModified":"2019-03-26T11:16:29+00:00","description":"A kuty\u00e1k fogazata a t\u00e1pl\u00e1l\u00e9k megragad\u00e1s\u00e1ra, leharap\u00e1s\u00e1ra \u00e9s feldarabol\u00e1s\u00e1ra, valamint v\u00e9dekez\u00e9sre, t\u00e1mad\u00e1sra is haszn\u00e1latos.","breadcrumb":{"@id":"https:\/\/blog.wuuff.dog\/hu\/a-kutya-fogazata\/#breadcrumb"},"inLanguage":"hu","potentialAction":[{"@type":"ReadAction","target":["https:\/\/blog.wuuff.dog\/hu\/a-kutya-fogazata\/"]}]},{"@type":"ImageObject","inLanguage":"hu","@id":"https:\/\/blog.wuuff.dog\/hu\/a-kutya-fogazata\/#primaryimage","url":"https:\/\/blog.wuuff.dog\/wp-content\/uploads\/2018\/07\/rsz_doggos.jpg","contentUrl":"https:\/\/blog.wuuff.dog\/wp-content\/uploads\/2018\/07\/rsz_doggos.jpg","width":1974,"height":750,"caption":"A kuty\u00e1k fogazata"},{"@type":"BreadcrumbList","@id":"https:\/\/blog.wuuff.dog\/hu\/a-kutya-fogazata\/#breadcrumb","itemListElement":[{"@type":"ListItem","position":1,"name":"Home","item":"https:\/\/blog.wuuff.dog\/hu\/"},{"@type":"ListItem","position":2,"name":"A kuty\u00e1k fogazata"}]},{"@type":"WebSite","@id":"https:\/\/blog.wuuff.dog\/#website","url":"https:\/\/blog.wuuff.dog\/","name":"Wuuff Blog","description":"Kuty\u00e1t j\u00f3 teny\u00e9szt\u0151t\u0151l j\u00f3 gazdihoz!","publisher":{"@id":"https:\/\/blog.wuuff.dog\/#organization"},"potentialAction":[{"@type":"SearchAction","target":{"@type":"EntryPoint","urlTemplate":"https:\/\/blog.wuuff.dog\/?s={search_term_string}"},"query-input":{"@type":"PropertyValueSpecification","valueRequired":true,"valueName":"search_term_string"}}],"inLanguage":"hu"},{"@type":"Organization","@id":"https:\/\/blog.wuuff.dog\/#organization","name":"Wuuff LLC","url":"https:\/\/blog.wuuff.dog\/","logo":{"@type":"ImageObject","inLanguage":"hu","@id":"https:\/\/blog.wuuff.dog\/#\/schema\/logo\/image\/","url":"https:\/\/blog.wuuff.dog\/wp-content\/uploads\/2017\/07\/wuuff-favicon-1.png","contentUrl":"https:\/\/blog.wuuff.dog\/wp-content\/uploads\/2017\/07\/wuuff-favicon-1.png","width":96,"height":96,"caption":"Wuuff LLC"},"image":{"@id":"https:\/\/blog.wuuff.dog\/#\/schema\/logo\/image\/"},"sameAs":["https:\/\/www.facebook.com\/wuuff.dog\/","https:\/\/x.com\/wuuffdog","https:\/\/www.instagram.com\/wuuff.dog\/","https:\/\/www.linkedin.com\/company\/wuuff-llc\/about\/?viewAsMember=true","https:\/\/hu.pinterest.com\/wuuff\/","https:\/\/www.youtube.com\/channel\/UC5-xBqPvOo9Tyj3KuifxW_Q"]},{"@type":"Person","@id":"https:\/\/blog.wuuff.dog\/#\/schema\/person\/9b5660b3c31c6f117272138eaf162162","name":"Sandor Fagyal"}]}},"_links":{"self":[{"href":"https:\/\/blog.wuuff.dog\/hu\/wp-json\/wp\/v2\/posts\/1640","targetHints":{"allow":["GET"]}}],"collection":[{"href":"https:\/\/blog.wuuff.dog\/hu\/wp-json\/wp\/v2\/posts"}],"about":[{"href":"https:\/\/blog.wuuff.dog\/hu\/wp-json\/wp\/v2\/types\/post"}],"author":[{"embeddable":true,"href":"https:\/\/blog.wuuff.dog\/hu\/wp-json\/wp\/v2\/users\/2"}],"replies":[{"embeddable":true,"href":"https:\/\/blog.wuuff.dog\/hu\/wp-json\/wp\/v2\/comments?post=1640"}],"version-history":[{"count":14,"href":"https:\/\/blog.wuuff.dog\/hu\/wp-json\/wp\/v2\/posts\/1640\/revisions"}],"predecessor-version":[{"id":3322,"href":"https:\/\/blog.wuuff.dog\/hu\/wp-json\/wp\/v2\/posts\/1640\/revisions\/3322"}],"wp:featuredmedia":[{"embeddable":true,"href":"https:\/\/blog.wuuff.dog\/hu\/wp-json\/wp\/v2\/media\/2233"}],"wp:attachment":[{"href":"https:\/\/blog.wuuff.dog\/hu\/wp-json\/wp\/v2\/media?parent=1640"}],"wp:term":[{"taxonomy":"category","embeddable":true,"href":"https:\/\/blog.wuuff.dog\/hu\/wp-json\/wp\/v2\/categories?post=1640"},{"taxonomy":"post_tag","embeddable":true,"href":"https:\/\/blog.wuuff.dog\/hu\/wp-json\/wp\/v2\/tags?post=1640"}],"curies":[{"name":"wp","href":"https:\/\/api.w.org\/{rel}","templated":true}]}}