{"id":1455,"date":"2018-07-18T15:00:22","date_gmt":"2018-07-18T15:00:22","guid":{"rendered":"https:\/\/blog.wuuff.dog\/?p=1455"},"modified":"2019-05-17T11:27:46","modified_gmt":"2019-05-17T11:27:46","slug":"yorkie","status":"publish","type":"post","link":"https:\/\/blog.wuuff.dog\/hu\/yorkie\/","title":{"rendered":"A yorkie"},"content":{"rendered":"<h2 style=\"text-align: center;\">A fajta t\u00f6rt\u00e9nete<\/h2>\n<p>A <a href=\"https:\/\/wuuff.dog\/hu\/elado-kutyak\/yorkshire-terrier\" target=\"_blank\" rel=\"noopener noreferrer\">yorkie-k<\/a> t\u00f6rt\u00e9nete Anglia \u00e9szakkeleti r\u00e9sz\u00e9n, Yorkshire megy\u00e9ben kezd\u0151d\u00f6tt a 19. sz\u00e1zad k\u00f6zep\u00e9n, amikor az ipari forradalom idej\u00e9n sok sk\u00f3t tak\u00e1cs arra k\u00e9nyszer\u00fclt, hogy elhagyja Sk\u00f3ci\u00e1t \u00e9s \u00c9szak-Angli\u00e1ban telepedjen le. Kuty\u00e1ikat (t\u00f6bbek k\u00f6z\u00f6tt Skye terrier kisebb v\u00e1ltozat\u00e1t, a Paisley terriert) k\u00fcl\u00f6nb\u00f6z\u0151 helyi kuty\u00e1kkal keresztezt\u00e9k, \u00edgy sz\u00fcletett meg az \u00faj fajta. A yorkie feladata az volt, hogy a k\u00e1rtev\u0151kre, f\u0151k\u00e9nt patk\u00e1nyokra vad\u00e1sszon. A ma yorkie-k\u00e9nt ismert fajta atyj\u00e1nak az 1865-ben sz\u00fcletett Huddersfield Bent, a sikeres ki\u00e1ll\u00edt\u00e1si kuty\u00e1t szok\u00e1s megnevezni.Amerik\u00e1ba 1872-ben jutott el az els\u0151 p\u00e9ld\u00e1ny, \u00e9s \u201978-ban a yorkie m\u00e1r az els\u0151 25 ottani regisztr\u00e1lt fajta egyike lett. A m\u00e1sodik vil\u00e1gh\u00e1bor\u00fa ut\u00e1n <a href=\"http:\/\/ https:\/\/blog.wuuff.dog\/hu\/smoky-a-haborus-hos-yorkie\/\" target=\"_blank\" rel=\"noopener noreferrer\">Smoky, a h\u00e1bor\u00fas h\u0151s yorkie<\/a> ind\u00edtotta el a fajta renesz\u00e1nsz\u00e1t, amely m\u00e1ig t\u00f6retlen: a yorkie 2007-ben \u00e9s 2008-ban is a m\u00e1sodik legn\u00e9pszer\u0171bb kutyafajta volt Amerik\u00e1ban. Ek\u00f6zben sz\u00fcl\u0151haz\u00e1j\u00e1ban, Angli\u00e1ban 2007-ben a 15., 2008-ban pedig a 16.helyen \u00e1llt.<\/p>\n<p><span style=\"width: 100%;\"><img loading=\"lazy\" decoding=\"async\" alt=\"Yorkie\" width=\"1296\" height=\"1258\" title=\"Yorkie\" data-id=\"1445\" src=\"\/\/blog.wuuff.dog\/wp-content\/uploads\/2018\/07\/yorkie.jpg?x72956\" style=\"width: 100%;\"><\/span><\/p>\n<h2 style=\"text-align: center;\">A yorkie term\u00e9szete<\/h2>\n<p>A <a href=\"https:\/\/wuuff.dog\/hu\/elado-kutyak\/yorkshire-terrier\" target=\"_blank\" rel=\"noopener noreferrer\">yorkie<\/a> \u00e9rtelmes, b\u00e1tor, ragaszkod\u00f3 kutyus, de kedves term\u00e9szete mellett sokszor igen makacs is. \u00c9ppen ez\u00e9rt nevel\u00e9s\u00e9ben k\u00f6vetkezetesnek kell lenni. Jutalmaz\u00e1ssal is c\u00e9lt lehet \u00e9rni n\u00e1la, \u00e9s fontos, hogy tan\u00edt\u00e1s k\u00f6zben lek\u00f6ss\u00fck a figyelm\u00e9t. Ha \u00edgy j\u00e1runk el, a yorkie b\u00e1rmit k\u00f6nnyen megtanul. Nagyon l\u00e9nyeges, hogy ig\u00e9nyli az \u00e1lland\u00f3 tan\u00edt\u00e1st, a vele val\u00f3 rendszeres foglalkoz\u00e1st.Mindig \u00e9beren figyeli, hogy mi t\u00f6rt\u00e9nik k\u00f6r\u00fcl\u00f6tte, mindenre k\u00edv\u00e1ncsi. Azonban pont \u00e9bers\u00e9ge miatt hajlamos a t\u00fal gyakori ugat\u00e1sra. Ha idegenek \u00e9rkeznek, ugat\u00e1ssal jelez, \u00e9s beletelik egy kis id\u0151be, mire megszokja \u0151ket.Nagyon mozg\u00e9kony, h\u00e1zon bel\u00fcl \u00e9s k\u00edv\u00fcl is szeret ugr\u00e1ndozni, a westie-hez hasonl\u00f3an terrier mivolt\u00e1nak k\u00f6sz\u00f6nhet\u0151en im\u00e1d \u00e1sni.A <a href=\"https:\/\/blog.wuuff.dog\/hu\/kutya-gyerek-melle-5-ok\/\" target=\"_blank\" rel=\"noopener noreferrer\">gyerekekkel j\u00f3l kij\u00f6n<\/a>, de nem szereti ha j\u00e1t\u00e9kszerk\u00e9nt tekintenek r\u00e1, \u00e9s nagyon \u00e9rz\u00e9keny arra, ha megs\u00e9rtik a ter\u00fclet\u00e9t. M\u00e1s kuty\u00e1kkal szemben n\u00e9ha meggondolatlanul viselkedik. A macsk\u00e1val val\u00f3 egy\u00fctt\u00e9l\u00e9se is probl\u00e9mamentes, ha egy\u00fctt n\u0151nek fel. A r\u00e1gcs\u00e1l\u00f3kat viszont zs\u00e1km\u00e1nynak tekinti, de megfelel\u0151 szoktat\u00e1ssal az ezzel egy\u00fctt j\u00e1r\u00f3 probl\u00e9m\u00e1k kik\u00fcsz\u00f6b\u00f6lhet\u0151k.<\/p>\n<h2 style=\"text-align: center;\"><strong>Testfel\u00e9p\u00edt\u00e9se<\/strong><\/h2>\n<p>Kism\u00e9ret\u0171, er\u0151s fel\u00e9p\u00edt\u00e9s\u0171, ar\u00e1nyos testalkat\u00fa kutya. H\u00e1tvonala egyenes \u00e9s v\u00edzszintes, l\u00e1bai egyenesek. Mancsai kerek form\u00e1j\u00faak, karmai feket\u00e9k. A h\u00e1ta f\u00f6l\u00e9 emeli a fark\u00e1t, melyet azokban az orsz\u00e1gokban, ahol nem tilos, k\u00f6zepes hossz\u00fas\u00e1g\u00fara kurt\u00edtanak.Feje viszonylag kicsi, az arcorri r\u00e9sz nem t\u00fals\u00e1gosan hossz\u00fa. Szemei mandulav\u00e1g\u00e1s\u00faak, tekintete \u00e9rtelmes. Szemh\u00e9jai s\u00f6t\u00e9ten pigment\u00e1ltak. F\u00fclei kicsik, V alak\u00faak, felfel\u00e9 merednek. A f\u00fclek fels\u0151 harmad\u00e1n a sz\u0151rt r\u00f6vidre ny\u00edrj\u00e1k.Sz\u0151re m\u00e9rs\u00e9kelten hossz\u00fa, mindig egyenes, nem szabad hull\u00e1mosnak lennie. Szerkezete f\u00e9nyes, selymes, nem lehet gyapjas. Sz\u00edne a testen ac\u00e9lk\u00e9k, a nyakszirtt\u0151l eg\u00e9szen a farok v\u00e9g\u00e9ig, a fejen pedig barna. Ez nem terjedhet ki a nyakra. A mellkason a sz\u0151r f\u00e9nyes, tan-sz\u00edn\u0171, a gy\u00f6ker\u00e9n\u00e9l s\u00f6t\u00e9tebb, v\u00e9g\u00e9n\u00e9l vil\u00e1gosabb \u00e1rnyalat\u00fa.<\/p>\n<p><strong>Marmagass\u00e1ga:<\/strong> 20-24cm.<strong>S\u00falya:<\/strong> 2-3 kg.<strong>V\u00e1rhat\u00f3 \u00e9lettartama:<\/strong> 10-13 \u00e9v.<\/p>\n<h4>T\u00f6bbet szeretn\u00e9l megtudni a yorkiekr\u00f3l? Olvasd el t\u00f6bbi bejegyz\u00e9s\u00fcnk is r\u00f3luk!<\/h4>\n<ul>\n<li><a href=\"https:\/\/blog.wuuff.dog\/hu\/a-yorkie-apolasa\/\"><strong>A yorkie \u00e1pol\u00e1sa<\/strong><\/a><\/li>\n<li><a href=\"https:\/\/blog.wuuff.dog\/hu\/a-yorkie-betegsegei\/\"><strong>A yorkie betegs\u00e9gei<\/strong><\/a><\/li>\n<\/ul>\n","protected":false},"excerpt":{"rendered":"<p>A fajta t\u00f6rt\u00e9nete A yorkie-k t\u00f6rt\u00e9nete Anglia \u00e9szakkeleti r\u00e9sz\u00e9n, Yorkshire megy\u00e9ben kezd\u0151d\u00f6tt a 19. sz\u00e1zad k\u00f6zep\u00e9n, amikor az ipari forradalom idej\u00e9n sok sk\u00f3t tak\u00e1cs arra k\u00e9nyszer\u00fclt, hogy elhagyja Sk\u00f3ci\u00e1t \u00e9s \u00c9szak-Angli\u00e1ban telepedjen le. Kuty\u00e1ikat (t\u00f6bbek k\u00f6z\u00f6tt Skye terrier kisebb v\u00e1ltozat\u00e1t, a Paisley terriert) k\u00fcl\u00f6nb\u00f6z\u0151 helyi kuty\u00e1kkal keresztezt\u00e9k, \u00edgy sz\u00fcletett meg az \u00faj fajta. A yorkie [&hellip;]<\/p>\n","protected":false},"author":2,"featured_media":2043,"comment_status":"closed","ping_status":"closed","sticky":false,"template":"","format":"standard","meta":{"footnotes":""},"categories":[47],"tags":[],"class_list":["post-1455","post","type-post","status-publish","format-standard","has-post-thumbnail","hentry","category-fajtaismerteto"],"yoast_head":"<!-- This site is optimized with the Yoast SEO plugin v27.4 - https:\/\/yoast.com\/product\/yoast-seo-wordpress\/ -->\n<title>A yorkie - Wuuff Blog<\/title>\n<meta name=\"description\" content=\"A yorkie \u00e9rtelmes, b\u00e1tor, ragaszkod\u00f3 kutyus, de kedves term\u00e9szete mellett sokszor igen makacs is. Mindig \u00e9beren figyeli, hogy mi t\u00f6rt\u00e9nik k\u00f6r\u00fcl\u00f6tte, mindenre k\u00edv\u00e1ncsi.\" \/>\n<meta name=\"robots\" content=\"index, follow, max-snippet:-1, max-image-preview:large, max-video-preview:-1\" \/>\n<link rel=\"canonical\" href=\"https:\/\/blog.wuuff.dog\/hu\/yorkie\/\" \/>\n<meta property=\"og:locale\" content=\"hu_HU\" \/>\n<meta property=\"og:type\" content=\"article\" \/>\n<meta property=\"og:title\" content=\"A yorkie - Wuuff Blog\" \/>\n<meta property=\"og:description\" content=\"A yorkie \u00e9rtelmes, b\u00e1tor, ragaszkod\u00f3 kutyus, de kedves term\u00e9szete mellett sokszor igen makacs is. Mindig \u00e9beren figyeli, hogy mi t\u00f6rt\u00e9nik k\u00f6r\u00fcl\u00f6tte, mindenre k\u00edv\u00e1ncsi.\" \/>\n<meta property=\"og:url\" content=\"https:\/\/blog.wuuff.dog\/hu\/yorkie\/\" \/>\n<meta property=\"og:site_name\" content=\"Wuuff Blog\" \/>\n<meta property=\"article:publisher\" content=\"https:\/\/www.facebook.com\/wuuff.dog\/\" \/>\n<meta property=\"article:published_time\" content=\"2018-07-18T15:00:22+00:00\" \/>\n<meta property=\"article:modified_time\" content=\"2019-05-17T11:27:46+00:00\" \/>\n<meta property=\"og:image\" content=\"https:\/\/blog.wuuff.dog\/wp-content\/uploads\/2018\/07\/rsz_1julian-hochgesang-593933-unsplash.jpg\" \/>\n\t<meta property=\"og:image:width\" content=\"1678\" \/>\n\t<meta property=\"og:image:height\" content=\"588\" \/>\n\t<meta property=\"og:image:type\" content=\"image\/jpeg\" \/>\n<meta name=\"author\" content=\"Sandor Fagyal\" \/>\n<meta name=\"twitter:card\" content=\"summary_large_image\" \/>\n<meta name=\"twitter:creator\" content=\"@wuuffdog\" \/>\n<meta name=\"twitter:site\" content=\"@wuuffdog\" \/>\n<meta name=\"twitter:label1\" content=\"Szerz\u0151:\" \/>\n\t<meta name=\"twitter:data1\" content=\"Sandor Fagyal\" \/>\n\t<meta name=\"twitter:label2\" content=\"Becs\u00fclt olvas\u00e1si id\u0151\" \/>\n\t<meta name=\"twitter:data2\" content=\"3 perc\" \/>\n<script type=\"application\/ld+json\" class=\"yoast-schema-graph\">{\"@context\":\"https:\\\/\\\/schema.org\",\"@graph\":[{\"@type\":\"Article\",\"@id\":\"https:\\\/\\\/blog.wuuff.dog\\\/hu\\\/yorkie\\\/#article\",\"isPartOf\":{\"@id\":\"https:\\\/\\\/blog.wuuff.dog\\\/hu\\\/yorkie\\\/\"},\"author\":{\"name\":\"Sandor Fagyal\",\"@id\":\"https:\\\/\\\/blog.wuuff.dog\\\/#\\\/schema\\\/person\\\/9b5660b3c31c6f117272138eaf162162\"},\"headline\":\"A yorkie\",\"datePublished\":\"2018-07-18T15:00:22+00:00\",\"dateModified\":\"2019-05-17T11:27:46+00:00\",\"mainEntityOfPage\":{\"@id\":\"https:\\\/\\\/blog.wuuff.dog\\\/hu\\\/yorkie\\\/\"},\"wordCount\":665,\"publisher\":{\"@id\":\"https:\\\/\\\/blog.wuuff.dog\\\/#organization\"},\"image\":{\"@id\":\"https:\\\/\\\/blog.wuuff.dog\\\/hu\\\/yorkie\\\/#primaryimage\"},\"thumbnailUrl\":\"https:\\\/\\\/blog.wuuff.dog\\\/wp-content\\\/uploads\\\/2018\\\/07\\\/rsz_1julian-hochgesang-593933-unsplash.jpg\",\"articleSection\":[\"Fajtaismertet\u0151\"],\"inLanguage\":\"hu\"},{\"@type\":\"WebPage\",\"@id\":\"https:\\\/\\\/blog.wuuff.dog\\\/hu\\\/yorkie\\\/\",\"url\":\"https:\\\/\\\/blog.wuuff.dog\\\/hu\\\/yorkie\\\/\",\"name\":\"A yorkie - Wuuff Blog\",\"isPartOf\":{\"@id\":\"https:\\\/\\\/blog.wuuff.dog\\\/#website\"},\"primaryImageOfPage\":{\"@id\":\"https:\\\/\\\/blog.wuuff.dog\\\/hu\\\/yorkie\\\/#primaryimage\"},\"image\":{\"@id\":\"https:\\\/\\\/blog.wuuff.dog\\\/hu\\\/yorkie\\\/#primaryimage\"},\"thumbnailUrl\":\"https:\\\/\\\/blog.wuuff.dog\\\/wp-content\\\/uploads\\\/2018\\\/07\\\/rsz_1julian-hochgesang-593933-unsplash.jpg\",\"datePublished\":\"2018-07-18T15:00:22+00:00\",\"dateModified\":\"2019-05-17T11:27:46+00:00\",\"description\":\"A yorkie \u00e9rtelmes, b\u00e1tor, ragaszkod\u00f3 kutyus, de kedves term\u00e9szete mellett sokszor igen makacs is. Mindig \u00e9beren figyeli, hogy mi t\u00f6rt\u00e9nik k\u00f6r\u00fcl\u00f6tte, mindenre k\u00edv\u00e1ncsi.\",\"breadcrumb\":{\"@id\":\"https:\\\/\\\/blog.wuuff.dog\\\/hu\\\/yorkie\\\/#breadcrumb\"},\"inLanguage\":\"hu\",\"potentialAction\":[{\"@type\":\"ReadAction\",\"target\":[\"https:\\\/\\\/blog.wuuff.dog\\\/hu\\\/yorkie\\\/\"]}]},{\"@type\":\"ImageObject\",\"inLanguage\":\"hu\",\"@id\":\"https:\\\/\\\/blog.wuuff.dog\\\/hu\\\/yorkie\\\/#primaryimage\",\"url\":\"https:\\\/\\\/blog.wuuff.dog\\\/wp-content\\\/uploads\\\/2018\\\/07\\\/rsz_1julian-hochgesang-593933-unsplash.jpg\",\"contentUrl\":\"https:\\\/\\\/blog.wuuff.dog\\\/wp-content\\\/uploads\\\/2018\\\/07\\\/rsz_1julian-hochgesang-593933-unsplash.jpg\",\"width\":1678,\"height\":588,\"caption\":\"Yorkie\"},{\"@type\":\"BreadcrumbList\",\"@id\":\"https:\\\/\\\/blog.wuuff.dog\\\/hu\\\/yorkie\\\/#breadcrumb\",\"itemListElement\":[{\"@type\":\"ListItem\",\"position\":1,\"name\":\"Home\",\"item\":\"https:\\\/\\\/blog.wuuff.dog\\\/hu\\\/\"},{\"@type\":\"ListItem\",\"position\":2,\"name\":\"A yorkie\"}]},{\"@type\":\"WebSite\",\"@id\":\"https:\\\/\\\/blog.wuuff.dog\\\/#website\",\"url\":\"https:\\\/\\\/blog.wuuff.dog\\\/\",\"name\":\"Wuuff Blog\",\"description\":\"Kuty\u00e1t j\u00f3 teny\u00e9szt\u0151t\u0151l j\u00f3 gazdihoz!\",\"publisher\":{\"@id\":\"https:\\\/\\\/blog.wuuff.dog\\\/#organization\"},\"potentialAction\":[{\"@type\":\"SearchAction\",\"target\":{\"@type\":\"EntryPoint\",\"urlTemplate\":\"https:\\\/\\\/blog.wuuff.dog\\\/?s={search_term_string}\"},\"query-input\":{\"@type\":\"PropertyValueSpecification\",\"valueRequired\":true,\"valueName\":\"search_term_string\"}}],\"inLanguage\":\"hu\"},{\"@type\":\"Organization\",\"@id\":\"https:\\\/\\\/blog.wuuff.dog\\\/#organization\",\"name\":\"Wuuff LLC\",\"url\":\"https:\\\/\\\/blog.wuuff.dog\\\/\",\"logo\":{\"@type\":\"ImageObject\",\"inLanguage\":\"hu\",\"@id\":\"https:\\\/\\\/blog.wuuff.dog\\\/#\\\/schema\\\/logo\\\/image\\\/\",\"url\":\"https:\\\/\\\/blog.wuuff.dog\\\/wp-content\\\/uploads\\\/2017\\\/07\\\/wuuff-favicon-1.png\",\"contentUrl\":\"https:\\\/\\\/blog.wuuff.dog\\\/wp-content\\\/uploads\\\/2017\\\/07\\\/wuuff-favicon-1.png\",\"width\":96,\"height\":96,\"caption\":\"Wuuff LLC\"},\"image\":{\"@id\":\"https:\\\/\\\/blog.wuuff.dog\\\/#\\\/schema\\\/logo\\\/image\\\/\"},\"sameAs\":[\"https:\\\/\\\/www.facebook.com\\\/wuuff.dog\\\/\",\"https:\\\/\\\/x.com\\\/wuuffdog\",\"https:\\\/\\\/www.instagram.com\\\/wuuff.dog\\\/\",\"https:\\\/\\\/www.linkedin.com\\\/company\\\/wuuff-llc\\\/about\\\/?viewAsMember=true\",\"https:\\\/\\\/hu.pinterest.com\\\/wuuff\\\/\",\"https:\\\/\\\/www.youtube.com\\\/channel\\\/UC5-xBqPvOo9Tyj3KuifxW_Q\"]},{\"@type\":\"Person\",\"@id\":\"https:\\\/\\\/blog.wuuff.dog\\\/#\\\/schema\\\/person\\\/9b5660b3c31c6f117272138eaf162162\",\"name\":\"Sandor Fagyal\"}]}<\/script>\n<!-- \/ Yoast SEO plugin. -->","yoast_head_json":{"title":"A yorkie - Wuuff Blog","description":"A yorkie \u00e9rtelmes, b\u00e1tor, ragaszkod\u00f3 kutyus, de kedves term\u00e9szete mellett sokszor igen makacs is. Mindig \u00e9beren figyeli, hogy mi t\u00f6rt\u00e9nik k\u00f6r\u00fcl\u00f6tte, mindenre k\u00edv\u00e1ncsi.","robots":{"index":"index","follow":"follow","max-snippet":"max-snippet:-1","max-image-preview":"max-image-preview:large","max-video-preview":"max-video-preview:-1"},"canonical":"https:\/\/blog.wuuff.dog\/hu\/yorkie\/","og_locale":"hu_HU","og_type":"article","og_title":"A yorkie - Wuuff Blog","og_description":"A yorkie \u00e9rtelmes, b\u00e1tor, ragaszkod\u00f3 kutyus, de kedves term\u00e9szete mellett sokszor igen makacs is. Mindig \u00e9beren figyeli, hogy mi t\u00f6rt\u00e9nik k\u00f6r\u00fcl\u00f6tte, mindenre k\u00edv\u00e1ncsi.","og_url":"https:\/\/blog.wuuff.dog\/hu\/yorkie\/","og_site_name":"Wuuff Blog","article_publisher":"https:\/\/www.facebook.com\/wuuff.dog\/","article_published_time":"2018-07-18T15:00:22+00:00","article_modified_time":"2019-05-17T11:27:46+00:00","og_image":[{"width":1678,"height":588,"url":"https:\/\/blog.wuuff.dog\/wp-content\/uploads\/2018\/07\/rsz_1julian-hochgesang-593933-unsplash.jpg","type":"image\/jpeg"}],"author":"Sandor Fagyal","twitter_card":"summary_large_image","twitter_creator":"@wuuffdog","twitter_site":"@wuuffdog","twitter_misc":{"Szerz\u0151:":"Sandor Fagyal","Becs\u00fclt olvas\u00e1si id\u0151":"3 perc"},"schema":{"@context":"https:\/\/schema.org","@graph":[{"@type":"Article","@id":"https:\/\/blog.wuuff.dog\/hu\/yorkie\/#article","isPartOf":{"@id":"https:\/\/blog.wuuff.dog\/hu\/yorkie\/"},"author":{"name":"Sandor Fagyal","@id":"https:\/\/blog.wuuff.dog\/#\/schema\/person\/9b5660b3c31c6f117272138eaf162162"},"headline":"A yorkie","datePublished":"2018-07-18T15:00:22+00:00","dateModified":"2019-05-17T11:27:46+00:00","mainEntityOfPage":{"@id":"https:\/\/blog.wuuff.dog\/hu\/yorkie\/"},"wordCount":665,"publisher":{"@id":"https:\/\/blog.wuuff.dog\/#organization"},"image":{"@id":"https:\/\/blog.wuuff.dog\/hu\/yorkie\/#primaryimage"},"thumbnailUrl":"https:\/\/blog.wuuff.dog\/wp-content\/uploads\/2018\/07\/rsz_1julian-hochgesang-593933-unsplash.jpg","articleSection":["Fajtaismertet\u0151"],"inLanguage":"hu"},{"@type":"WebPage","@id":"https:\/\/blog.wuuff.dog\/hu\/yorkie\/","url":"https:\/\/blog.wuuff.dog\/hu\/yorkie\/","name":"A yorkie - Wuuff Blog","isPartOf":{"@id":"https:\/\/blog.wuuff.dog\/#website"},"primaryImageOfPage":{"@id":"https:\/\/blog.wuuff.dog\/hu\/yorkie\/#primaryimage"},"image":{"@id":"https:\/\/blog.wuuff.dog\/hu\/yorkie\/#primaryimage"},"thumbnailUrl":"https:\/\/blog.wuuff.dog\/wp-content\/uploads\/2018\/07\/rsz_1julian-hochgesang-593933-unsplash.jpg","datePublished":"2018-07-18T15:00:22+00:00","dateModified":"2019-05-17T11:27:46+00:00","description":"A yorkie \u00e9rtelmes, b\u00e1tor, ragaszkod\u00f3 kutyus, de kedves term\u00e9szete mellett sokszor igen makacs is. Mindig \u00e9beren figyeli, hogy mi t\u00f6rt\u00e9nik k\u00f6r\u00fcl\u00f6tte, mindenre k\u00edv\u00e1ncsi.","breadcrumb":{"@id":"https:\/\/blog.wuuff.dog\/hu\/yorkie\/#breadcrumb"},"inLanguage":"hu","potentialAction":[{"@type":"ReadAction","target":["https:\/\/blog.wuuff.dog\/hu\/yorkie\/"]}]},{"@type":"ImageObject","inLanguage":"hu","@id":"https:\/\/blog.wuuff.dog\/hu\/yorkie\/#primaryimage","url":"https:\/\/blog.wuuff.dog\/wp-content\/uploads\/2018\/07\/rsz_1julian-hochgesang-593933-unsplash.jpg","contentUrl":"https:\/\/blog.wuuff.dog\/wp-content\/uploads\/2018\/07\/rsz_1julian-hochgesang-593933-unsplash.jpg","width":1678,"height":588,"caption":"Yorkie"},{"@type":"BreadcrumbList","@id":"https:\/\/blog.wuuff.dog\/hu\/yorkie\/#breadcrumb","itemListElement":[{"@type":"ListItem","position":1,"name":"Home","item":"https:\/\/blog.wuuff.dog\/hu\/"},{"@type":"ListItem","position":2,"name":"A yorkie"}]},{"@type":"WebSite","@id":"https:\/\/blog.wuuff.dog\/#website","url":"https:\/\/blog.wuuff.dog\/","name":"Wuuff Blog","description":"Kuty\u00e1t j\u00f3 teny\u00e9szt\u0151t\u0151l j\u00f3 gazdihoz!","publisher":{"@id":"https:\/\/blog.wuuff.dog\/#organization"},"potentialAction":[{"@type":"SearchAction","target":{"@type":"EntryPoint","urlTemplate":"https:\/\/blog.wuuff.dog\/?s={search_term_string}"},"query-input":{"@type":"PropertyValueSpecification","valueRequired":true,"valueName":"search_term_string"}}],"inLanguage":"hu"},{"@type":"Organization","@id":"https:\/\/blog.wuuff.dog\/#organization","name":"Wuuff LLC","url":"https:\/\/blog.wuuff.dog\/","logo":{"@type":"ImageObject","inLanguage":"hu","@id":"https:\/\/blog.wuuff.dog\/#\/schema\/logo\/image\/","url":"https:\/\/blog.wuuff.dog\/wp-content\/uploads\/2017\/07\/wuuff-favicon-1.png","contentUrl":"https:\/\/blog.wuuff.dog\/wp-content\/uploads\/2017\/07\/wuuff-favicon-1.png","width":96,"height":96,"caption":"Wuuff LLC"},"image":{"@id":"https:\/\/blog.wuuff.dog\/#\/schema\/logo\/image\/"},"sameAs":["https:\/\/www.facebook.com\/wuuff.dog\/","https:\/\/x.com\/wuuffdog","https:\/\/www.instagram.com\/wuuff.dog\/","https:\/\/www.linkedin.com\/company\/wuuff-llc\/about\/?viewAsMember=true","https:\/\/hu.pinterest.com\/wuuff\/","https:\/\/www.youtube.com\/channel\/UC5-xBqPvOo9Tyj3KuifxW_Q"]},{"@type":"Person","@id":"https:\/\/blog.wuuff.dog\/#\/schema\/person\/9b5660b3c31c6f117272138eaf162162","name":"Sandor Fagyal"}]}},"_links":{"self":[{"href":"https:\/\/blog.wuuff.dog\/hu\/wp-json\/wp\/v2\/posts\/1455","targetHints":{"allow":["GET"]}}],"collection":[{"href":"https:\/\/blog.wuuff.dog\/hu\/wp-json\/wp\/v2\/posts"}],"about":[{"href":"https:\/\/blog.wuuff.dog\/hu\/wp-json\/wp\/v2\/types\/post"}],"author":[{"embeddable":true,"href":"https:\/\/blog.wuuff.dog\/hu\/wp-json\/wp\/v2\/users\/2"}],"replies":[{"embeddable":true,"href":"https:\/\/blog.wuuff.dog\/hu\/wp-json\/wp\/v2\/comments?post=1455"}],"version-history":[{"count":18,"href":"https:\/\/blog.wuuff.dog\/hu\/wp-json\/wp\/v2\/posts\/1455\/revisions"}],"predecessor-version":[{"id":4016,"href":"https:\/\/blog.wuuff.dog\/hu\/wp-json\/wp\/v2\/posts\/1455\/revisions\/4016"}],"wp:featuredmedia":[{"embeddable":true,"href":"https:\/\/blog.wuuff.dog\/hu\/wp-json\/wp\/v2\/media\/2043"}],"wp:attachment":[{"href":"https:\/\/blog.wuuff.dog\/hu\/wp-json\/wp\/v2\/media?parent=1455"}],"wp:term":[{"taxonomy":"category","embeddable":true,"href":"https:\/\/blog.wuuff.dog\/hu\/wp-json\/wp\/v2\/categories?post=1455"},{"taxonomy":"post_tag","embeddable":true,"href":"https:\/\/blog.wuuff.dog\/hu\/wp-json\/wp\/v2\/tags?post=1455"}],"curies":[{"name":"wp","href":"https:\/\/api.w.org\/{rel}","templated":true}]}}